{"id":12981,"date":"2014-02-26T15:44:43","date_gmt":"2014-02-26T18:44:43","guid":{"rendered":"http:\/\/cordobatimes.com\/showup\/?p=12981"},"modified":"2019-12-07T20:35:57","modified_gmt":"2019-12-07T23:35:57","slug":"no-te-enteraste-nacio-lito-el-primer-hijo-varon-de-tevez-foto","status":"publish","type":"post","link":"https:\/\/www.cordobatimes.com\/showup\/famosos\/2014\/02\/26\/no-te-enteraste-nacio-lito-el-primer-hijo-varon-de-tevez-foto\/","title":{"rendered":"\u00bfNo te enteraste? Naci\u00f3 Lito, el primer hijo var\u00f3n de T\u00e9vez (Foto)"},"content":{"rendered":"<h3 style=\"text-align: justify;\"><strong>El jugador anunci\u00f3 ayer que hab\u00eda llegado al mundo \u201cel heredero\u201c: Lito Junior.<\/strong><\/h3>\n<p style=\"text-align: justify;\">A trav\u00e9s de Twitter, el futbolista de la Juventus present\u00f3 al beb\u00e9. \u201cNaci\u00f3 el heredero. Es inexplicable la felicidad que tenemos todos. Ha nacido Lito Junior Tevez\u201c, escribi\u00f3.<\/p>\n<p style=\"text-align: justify;\">Recordemos que T\u00e9vez y su pareja, Vanesa Mansilla, tienen dos hijas: Florencia, de 7 a\u00f1os, y Katie, de 3. Actualmente todos residen en Tur\u00edn, Italia.<\/p>\n<p style=\"text-align: justify;\">Esta es una de las alegr\u00edas m\u00e1s grandes que tendr\u00e1 el futbolista en el 2014, dado que todo parece indicar que no formar\u00e1 parte de la Selecci\u00f3n Argentina en el pr\u00f3ximo Mundial de Brasil.<\/p>\n<p style=\"text-align: justify;\">\u201cEs dif\u00edcil que haya alguna sorpresa. No descarto nada, pero es dif\u00edcil, dijo hace algunos d\u00edas Alejandro Sabella, Director T\u00e9cnico del plantel, alejando la posibilidad para el Apache.<\/p>\n<p><img alt=\"\" loading=\"lazy\" decoding=\"async\" class=\"alignnone size-full wp-image-69913\" src=\"https:\/\/www.cordobatimes.com\/showup\/wp-content\/uploads\/2014\/02\/Nombre.jpg\" alt=\"\" width=\"424\" height=\"565\" srcset=\"https:\/\/www.cordobatimes.com\/showup\/wp-content\/uploads\/2014\/02\/Nombre.jpg 424w, https:\/\/www.cordobatimes.com\/showup\/wp-content\/uploads\/2014\/02\/Nombre-315x420.jpg 315w\" sizes=\"auto, (max-width: 424px) 100vw, 424px\" \/><\/p>\n","protected":false},"excerpt":{"rendered":"<p>El jugador anunci\u00f3 ayer que hab\u00eda llegado al mundo \u201cel heredero\u201c: Lito Junior. A trav\u00e9s de Twitter, el futbolista de la Juventus present\u00f3 al beb\u00e9. \u201cNaci\u00f3 el heredero. Es inexplicable la felicidad que tenemos todos. Ha nacido Lito Junior Tevez\u201c, escribi\u00f3. Recordemos que T\u00e9vez y su pareja, Vanesa Mansilla, tienen dos hijas: Florencia, de 7 [&hellip;]<\/p>\n","protected":false},"author":9,"featured_media":13015,"comment_status":"closed","ping_status":"closed","sticky":false,"template":"","format":"standard","meta":{"_seopress_robots_primary_cat":"","_seopress_titles_title":"","_seopress_titles_desc":"","_seopress_robots_index":"","footnotes":""},"categories":[4],"tags":[25868,25121,25867],"class_list":{"0":"post-12981","1":"post","2":"type-post","3":"status-publish","4":"format-standard","5":"has-post-thumbnail","7":"category-famosos","8":"tag-carlos-tevez-vanesa-mansilla","9":"tag-hijos-de-carlos-tevez","10":"tag-hijos-de-tevez"},"_links":{"self":[{"href":"https:\/\/www.cordobatimes.com\/showup\/wp-json\/wp\/v2\/posts\/12981","targetHints":{"allow":["GET"]}}],"collection":[{"href":"https:\/\/www.cordobatimes.com\/showup\/wp-json\/wp\/v2\/posts"}],"about":[{"href":"https:\/\/www.cordobatimes.com\/showup\/wp-json\/wp\/v2\/types\/post"}],"author":[{"embeddable":true,"href":"https:\/\/www.cordobatimes.com\/showup\/wp-json\/wp\/v2\/users\/9"}],"replies":[{"embeddable":true,"href":"https:\/\/www.cordobatimes.com\/showup\/wp-json\/wp\/v2\/comments?post=12981"}],"version-history":[{"count":0,"href":"https:\/\/www.cordobatimes.com\/showup\/wp-json\/wp\/v2\/posts\/12981\/revisions"}],"wp:featuredmedia":[{"embeddable":true,"href":"https:\/\/www.cordobatimes.com\/showup\/wp-json\/wp\/v2\/media\/13015"}],"wp:attachment":[{"href":"https:\/\/www.cordobatimes.com\/showup\/wp-json\/wp\/v2\/media?parent=12981"}],"wp:term":[{"taxonomy":"category","embeddable":true,"href":"https:\/\/www.cordobatimes.com\/showup\/wp-json\/wp\/v2\/categories?post=12981"},{"taxonomy":"post_tag","embeddable":true,"href":"https:\/\/www.cordobatimes.com\/showup\/wp-json\/wp\/v2\/tags?post=12981"}],"curies":[{"name":"wp","href":"https:\/\/api.w.org\/{rel}","templated":true}]}}