{"id":12976,"date":"2014-02-26T05:29:46","date_gmt":"2014-02-26T08:29:46","guid":{"rendered":"http:\/\/cordobatimes.com\/showup\/?p=12976"},"modified":"2019-12-07T20:53:49","modified_gmt":"2019-12-07T23:53:49","slug":"el-wachiturro-profugo-pidio-perdon-por-salir-del-pais-sin-permiso","status":"publish","type":"post","link":"https:\/\/www.cordobatimes.com\/showup\/famosos\/2014\/02\/26\/el-wachiturro-profugo-pidio-perdon-por-salir-del-pais-sin-permiso\/","title":{"rendered":"El wachiturro pr\u00f3fugo pidi\u00f3 perd\u00f3n por salir del pa\u00eds sin permiso"},"content":{"rendered":"<h3 style=\"text-align: justify;\"><strong>DJ Memo \u00a0di\u00f3 \u00a0disculpas hoy a la Justicia de Santiago del Estero por haber viajado a Europa sin su autorizaci\u00f3n, ya que se encuentra procesado por presunto abuso sexual de una adolescente.<\/strong><\/h3>\n<p style=\"text-align: justify;\">El abogado del joven integrante de los Wachiturros, Osvaldo de Jes\u00fas D\u00edaz, realiz\u00f3 hoy una presentaci\u00f3n ante la jueza que investiga esa causa, Ana Vittar, que incluy\u00f3 una nota enviada por fax por Guidone.<\/p>\n<p style=\"text-align: justify;\">El joven asegur\u00f3 que no conoc\u00eda el impedimento de salir del pa\u00eds por su situaci\u00f3n procesal y que \u201cpensaba que todo estaba en orden porque en Migraciones no le hicieron problemas\u201d antes de abordar el vuelo, manifest\u00f3 su asesor legal.<\/p>\n<p style=\"text-align: justify;\">Memo y sus compa\u00f1eros de Los Wachiturros se encuentran de gira realizando presentaciones en Europa.<\/p>\n<p style=\"text-align: justify;\">El abogado de la denunciante, Federico Pettinicchi, asegur\u00f3 el pasado fin de semana que se enter\u00f3 de la salida del pa\u00eds de DJ Memo por las fotos subidas por el grupo de cumbia a las redes sociales, en la que se los ve\u00eda en distintos puntos de Europa.<\/p>\n<p style=\"text-align: justify;\">Por eso, ayer formul\u00f3 la denuncia ante la Justicia Penal de Las Termas de R\u00edo Hondo y reclam\u00f3 a la jueza Vittar que revoque la excarcelaci\u00f3n que le hab\u00eda concedido, bajo una fianza personal de 50.000 pesos.<\/p>\n<p style=\"text-align: justify;\">De acuerdo con el descargo que realiz\u00f3 el defensor D\u00edaz ante la Justicia, su cliente se encuentra actualmente en Suiza y el lunes 3 de marzo regresar\u00e1 a Buenos Aires.<\/p>\n<p>&nbsp;<\/p>\n","protected":false},"excerpt":{"rendered":"<p>DJ Memo \u00a0di\u00f3 \u00a0disculpas hoy a la Justicia de Santiago del Estero por haber viajado a Europa sin su autorizaci\u00f3n, ya que se encuentra procesado por presunto abuso sexual de una adolescente. El abogado del joven integrante de los Wachiturros, Osvaldo de Jes\u00fas D\u00edaz, realiz\u00f3 hoy una presentaci\u00f3n ante la jueza que investiga esa causa, [&hellip;]<\/p>\n","protected":false},"author":9,"featured_media":12977,"comment_status":"closed","ping_status":"closed","sticky":false,"template":"","format":"standard","meta":{"_seopress_robots_primary_cat":"","_seopress_titles_title":"","_seopress_titles_desc":"","_seopress_robots_index":"","footnotes":""},"categories":[4],"tags":[4203,3867,4205,4204,4202],"class_list":{"0":"post-12976","1":"post","2":"type-post","3":"status-publish","4":"format-standard","5":"has-post-thumbnail","7":"category-famosos","8":"tag-dj-memo","9":"tag-los-wachiturros","10":"tag-los-wachiturros-en-europa","11":"tag-wachiturro-preso","12":"tag-wachiturro-procesado"},"_links":{"self":[{"href":"https:\/\/www.cordobatimes.com\/showup\/wp-json\/wp\/v2\/posts\/12976","targetHints":{"allow":["GET"]}}],"collection":[{"href":"https:\/\/www.cordobatimes.com\/showup\/wp-json\/wp\/v2\/posts"}],"about":[{"href":"https:\/\/www.cordobatimes.com\/showup\/wp-json\/wp\/v2\/types\/post"}],"author":[{"embeddable":true,"href":"https:\/\/www.cordobatimes.com\/showup\/wp-json\/wp\/v2\/users\/9"}],"replies":[{"embeddable":true,"href":"https:\/\/www.cordobatimes.com\/showup\/wp-json\/wp\/v2\/comments?post=12976"}],"version-history":[{"count":0,"href":"https:\/\/www.cordobatimes.com\/showup\/wp-json\/wp\/v2\/posts\/12976\/revisions"}],"wp:featuredmedia":[{"embeddable":true,"href":"https:\/\/www.cordobatimes.com\/showup\/wp-json\/wp\/v2\/media\/12977"}],"wp:attachment":[{"href":"https:\/\/www.cordobatimes.com\/showup\/wp-json\/wp\/v2\/media?parent=12976"}],"wp:term":[{"taxonomy":"category","embeddable":true,"href":"https:\/\/www.cordobatimes.com\/showup\/wp-json\/wp\/v2\/categories?post=12976"},{"taxonomy":"post_tag","embeddable":true,"href":"https:\/\/www.cordobatimes.com\/showup\/wp-json\/wp\/v2\/tags?post=12976"}],"curies":[{"name":"wp","href":"https:\/\/api.w.org\/{rel}","templated":true}]}}