{"id":12914,"date":"2014-02-25T12:36:24","date_gmt":"2014-02-25T15:36:24","guid":{"rendered":"http:\/\/cordobatimes.com\/showup\/?p=12914"},"modified":"2019-11-23T12:18:34","modified_gmt":"2019-11-23T15:18:34","slug":"norma-pons-a-tu-cara-me-suena","status":"publish","type":"post","link":"https:\/\/www.cordobatimes.com\/showup\/famosos\/2014\/02\/25\/norma-pons-a-tu-cara-me-suena\/","title":{"rendered":"Norma Pons \u00bfA \u00abTu cara me suena\u00bb?"},"content":{"rendered":"<h3 style=\"text-align: justify;\"><strong>La reconocida actriz estar\u00eda en vista para ser incorporada en el reality conducido por Marley. Todos los detalles, en esta nota.\u00a0<\/strong><\/h3>\n<p style=\"text-align: justify;\">Seg\u00fan Laura Ubfal, hablaron con ella en Mar del Plata cuando productores de Endemol viajaron a \u00abLa Feliz\u00bb para cerrar acuerdo con Enrique Pinti.<\/p>\n<p style=\"text-align: justify;\">Norma Pons ha sido reconocida esta temporada por su actuaci\u00f3n en la \u00abCasa de Bernarda Alba\u00bb, dirigida por Jos\u00e9 Mar\u00eda Muscari, y con la que ha recibido el galard\u00f3n de la \u00abEstrella de Mar de Oro\u00bb.<\/p>\n<p style=\"text-align: justify;\">No s\u00f3lo por la trayectoria sino por su excelente desempe\u00f1o en todas sus participaciones, ha sido convocada como la figura de lujo del certamen conducido por el divertido Marley.<\/p>\n<p style=\"text-align: justify;\">Recordemos que ya confirmaron su presencia y se desempe\u00f1ar\u00e1n como jurados: La Negra Vernacci, Cacho Casta\u00f1a y Enrique Pinti.<\/p>\n<p style=\"text-align: justify;\">\u00bfFirmar\u00e1?<\/p>\n<p style=\"text-align: justify;\">\n","protected":false},"excerpt":{"rendered":"<p>La reconocida actriz estar\u00eda en vista para ser incorporada en el reality conducido por Marley. Todos los detalles, en esta nota.\u00a0 Seg\u00fan Laura Ubfal, hablaron con ella en Mar del Plata cuando productores de Endemol viajaron a \u00abLa Feliz\u00bb para cerrar acuerdo con Enrique Pinti. Norma Pons ha sido reconocida esta temporada por su actuaci\u00f3n [&hellip;]<\/p>\n","protected":false},"author":9,"featured_media":12919,"comment_status":"closed","ping_status":"closed","sticky":false,"template":"","format":"standard","meta":{"_seopress_robots_primary_cat":"","_seopress_titles_title":"","_seopress_titles_desc":"","_seopress_robots_index":"","footnotes":""},"categories":[4],"tags":[4177,25910],"class_list":{"0":"post-12914","1":"post","2":"type-post","3":"status-publish","4":"format-standard","5":"has-post-thumbnail","7":"category-famosos","8":"tag-la-casa-de-bernarda-alba","9":"tag-norma-pons-tu-cara-me-suena"},"_links":{"self":[{"href":"https:\/\/www.cordobatimes.com\/showup\/wp-json\/wp\/v2\/posts\/12914","targetHints":{"allow":["GET"]}}],"collection":[{"href":"https:\/\/www.cordobatimes.com\/showup\/wp-json\/wp\/v2\/posts"}],"about":[{"href":"https:\/\/www.cordobatimes.com\/showup\/wp-json\/wp\/v2\/types\/post"}],"author":[{"embeddable":true,"href":"https:\/\/www.cordobatimes.com\/showup\/wp-json\/wp\/v2\/users\/9"}],"replies":[{"embeddable":true,"href":"https:\/\/www.cordobatimes.com\/showup\/wp-json\/wp\/v2\/comments?post=12914"}],"version-history":[{"count":0,"href":"https:\/\/www.cordobatimes.com\/showup\/wp-json\/wp\/v2\/posts\/12914\/revisions"}],"wp:featuredmedia":[{"embeddable":true,"href":"https:\/\/www.cordobatimes.com\/showup\/wp-json\/wp\/v2\/media\/12919"}],"wp:attachment":[{"href":"https:\/\/www.cordobatimes.com\/showup\/wp-json\/wp\/v2\/media?parent=12914"}],"wp:term":[{"taxonomy":"category","embeddable":true,"href":"https:\/\/www.cordobatimes.com\/showup\/wp-json\/wp\/v2\/categories?post=12914"},{"taxonomy":"post_tag","embeddable":true,"href":"https:\/\/www.cordobatimes.com\/showup\/wp-json\/wp\/v2\/tags?post=12914"}],"curies":[{"name":"wp","href":"https:\/\/api.w.org\/{rel}","templated":true}]}}