{"id":12866,"date":"2014-02-24T11:43:30","date_gmt":"2014-02-24T14:43:30","guid":{"rendered":"http:\/\/cordobatimes.com\/showup\/?p=12866"},"modified":"2019-11-23T13:02:38","modified_gmt":"2019-11-23T16:02:38","slug":"fin-de-la-historia-hoy-firman-el-divorcio-maxi-y-wanda","status":"publish","type":"post","link":"https:\/\/www.cordobatimes.com\/showup\/famosos\/2014\/02\/24\/fin-de-la-historia-hoy-firman-el-divorcio-maxi-y-wanda\/","title":{"rendered":"Fin de la historia: firmaron el divorcio Maxi y Wanda"},"content":{"rendered":"<h3 style=\"text-align: justify;\"><strong>Luego de que Jorge Rial anunciara que ser\u00eda hoy, se llev\u00f3 a cabo la separaci\u00f3n oficial entre la rubia y el futbolista.\u00a0<\/strong><\/h3>\n<p style=\"text-align: justify;\">El periodista \u00a0inform\u00f3 en su cuenta de Twitter que \u201cest\u00e1 confirmada para el lunes la audiencia de conciliaci\u00f3n de Wanda Naracon Maxi L\u00f3pez aqu\u00ed en Buenos Aires. Van abogados con poderes\u201d.<\/p>\n<p style=\"text-align: justify;\">\u201cLas dos partes tienen todo arreglado para que el lunes se firme el divorcio. Ese es el acuerdo y la orden. Se termin\u00f3 la historia\u201d, agreg\u00f3 el conductor de Intrusos.<\/p>\n<p style=\"text-align: justify;\">Seg\u00fan confirm\u00f3 Rodrigo Lussich en AM, \u00a0\u00abSe realiz\u00f3 en los tribunales de San Isidro, con los protagonistas v\u00eda Skype desde Italia. Fue una audiencia de divorcio, que ya termin\u00f3. Los protagonistas, despu\u00e9s de muchas idas y vueltas, repartieron todos sus bienes en forma online. La jueza ya firm\u00f3 la sentencia. Quienes ya est\u00e1n legalmente divorciados son Wanda Nara y Maxi L\u00f3pez\u00bb.<\/p>\n<p><iframe loading=\"lazy\" src=\"\/\/www.youtube.com\/embed\/WMBAlda9WYo\" width=\"420\" height=\"315\" frameborder=\"0\" allowfullscreen=\"allowfullscreen\"><\/iframe><\/p>\n","protected":false},"excerpt":{"rendered":"<p>Luego de que Jorge Rial anunciara que ser\u00eda hoy, se llev\u00f3 a cabo la separaci\u00f3n oficial entre la rubia y el futbolista.\u00a0 El periodista \u00a0inform\u00f3 en su cuenta de Twitter que \u201cest\u00e1 confirmada para el lunes la audiencia de conciliaci\u00f3n de Wanda Naracon Maxi L\u00f3pez aqu\u00ed en Buenos Aires. Van abogados con poderes\u201d. \u201cLas dos [&hellip;]<\/p>\n","protected":false},"author":9,"featured_media":12876,"comment_status":"closed","ping_status":"closed","sticky":false,"template":"","format":"standard","meta":{"_seopress_robots_primary_cat":"","_seopress_titles_title":"","_seopress_titles_desc":"","_seopress_robots_index":"","footnotes":""},"categories":[4],"tags":[25925,25924,25926],"class_list":{"0":"post-12866","1":"post","2":"type-post","3":"status-publish","4":"format-standard","5":"has-post-thumbnail","7":"category-famosos","8":"tag-divorcio-de-maxi-lopez-y-wanda-nara","9":"tag-divorcio-maxi-y-wanda","10":"tag-maxi-lopez-y-wanda-nara"},"_links":{"self":[{"href":"https:\/\/www.cordobatimes.com\/showup\/wp-json\/wp\/v2\/posts\/12866","targetHints":{"allow":["GET"]}}],"collection":[{"href":"https:\/\/www.cordobatimes.com\/showup\/wp-json\/wp\/v2\/posts"}],"about":[{"href":"https:\/\/www.cordobatimes.com\/showup\/wp-json\/wp\/v2\/types\/post"}],"author":[{"embeddable":true,"href":"https:\/\/www.cordobatimes.com\/showup\/wp-json\/wp\/v2\/users\/9"}],"replies":[{"embeddable":true,"href":"https:\/\/www.cordobatimes.com\/showup\/wp-json\/wp\/v2\/comments?post=12866"}],"version-history":[{"count":0,"href":"https:\/\/www.cordobatimes.com\/showup\/wp-json\/wp\/v2\/posts\/12866\/revisions"}],"wp:featuredmedia":[{"embeddable":true,"href":"https:\/\/www.cordobatimes.com\/showup\/wp-json\/wp\/v2\/media\/12876"}],"wp:attachment":[{"href":"https:\/\/www.cordobatimes.com\/showup\/wp-json\/wp\/v2\/media?parent=12866"}],"wp:term":[{"taxonomy":"category","embeddable":true,"href":"https:\/\/www.cordobatimes.com\/showup\/wp-json\/wp\/v2\/categories?post=12866"},{"taxonomy":"post_tag","embeddable":true,"href":"https:\/\/www.cordobatimes.com\/showup\/wp-json\/wp\/v2\/tags?post=12866"}],"curies":[{"name":"wp","href":"https:\/\/api.w.org\/{rel}","templated":true}]}}