{"id":12696,"date":"2014-02-22T17:57:22","date_gmt":"2014-02-22T20:57:22","guid":{"rendered":"http:\/\/cordobatimes.com\/showup\/?p=12696"},"modified":"2019-12-08T07:52:45","modified_gmt":"2019-12-08T10:52:45","slug":"recientemente-separada-y-embarazada-sabes-quien-es","status":"publish","type":"post","link":"https:\/\/www.cordobatimes.com\/showup\/famosos\/2014\/02\/22\/recientemente-separada-y-embarazada-sabes-quien-es\/","title":{"rendered":"Recientemente separada y embarazada, \u00bfSab\u00e9s qui\u00e9n es?"},"content":{"rendered":"<h3 style=\"text-align: justify;\"><strong>La esposa de Mat\u00edas Garfunkel est\u00e1 en la dulce espera y transita el tercer mes, seg\u00fan informa el diario Cr\u00f3nica, . Hasta el momento, la modelo se mantiene en silencio.\u00a0<\/strong><\/h3>\n<p style=\"text-align: justify;\">Todo indica que Victoria Vannucci ser\u00e1 madre otra vez. Lo que circul\u00f3 como un rumor, hoy toma m\u00e1s fuerza, ya que seg\u00fan fuentes allegadas a la ex de \u00abEl Ogro\u00bb se estar\u00eda cuidando demasiado.<\/p>\n<p style=\"text-align: justify;\">Vannucci a\u00fan no lo confirm\u00f3, ya que al igual que en el ante\u00adrior, es un embarazo de al\u00adto riesgo.<\/p>\n<p style=\"text-align: justify;\">Ade\u00adm\u00e1s, ya no se la ve en sus habituales entrenamien\u00adtos que le dieron una figu\u00adra \u00fanica con su personal trainner Mar\u00eda Luisa.<\/p>\n<h3 style=\"text-align: justify;\"><a href=\"http:\/\/cordobatimes.com\/showup\/wp-content\/uploads\/2014\/02\/vanucci.jpg\"><img loading=\"lazy\" decoding=\"async\" class=\"alignnone size-full wp-image-12698\" src=\"http:\/\/cordobatimes.com\/showup\/wp-content\/uploads\/2014\/02\/vanucci.jpg\" alt=\"vanucci\" width=\"728\" height=\"500\" data-id=\"12698\" srcset=\"https:\/\/www.cordobatimes.com\/showup\/wp-content\/uploads\/2014\/02\/vanucci.jpg 728w, https:\/\/www.cordobatimes.com\/showup\/wp-content\/uploads\/2014\/02\/vanucci-300x206.jpg 300w\" sizes=\"auto, (max-width: 728px) 100vw, 728px\" \/><\/a><\/h3>\n","protected":false},"excerpt":{"rendered":"<p>La esposa de Mat\u00edas Garfunkel est\u00e1 en la dulce espera y transita el tercer mes, seg\u00fan informa el diario Cr\u00f3nica, . Hasta el momento, la modelo se mantiene en silencio.\u00a0 Todo indica que Victoria Vannucci ser\u00e1 madre otra vez. Lo que circul\u00f3 como un rumor, hoy toma m\u00e1s fuerza, ya que seg\u00fan fuentes allegadas a [&hellip;]<\/p>\n","protected":false},"author":9,"featured_media":12438,"comment_status":"closed","ping_status":"closed","sticky":false,"template":"","format":"standard","meta":{"_seopress_robots_primary_cat":"","_seopress_titles_title":"","_seopress_titles_desc":"","_seopress_robots_index":"","footnotes":""},"categories":[4],"tags":[26797,25946,25945],"class_list":{"0":"post-12696","1":"post","2":"type-post","3":"status-publish","4":"format-standard","5":"has-post-thumbnail","7":"category-famosos","8":"tag-hijos-de-victoria-vannucci-y-matias-garfunkel","9":"tag-victoria-vannucci-embarazada","10":"tag-victoria-vannucci-matias-garfunkel"},"_links":{"self":[{"href":"https:\/\/www.cordobatimes.com\/showup\/wp-json\/wp\/v2\/posts\/12696","targetHints":{"allow":["GET"]}}],"collection":[{"href":"https:\/\/www.cordobatimes.com\/showup\/wp-json\/wp\/v2\/posts"}],"about":[{"href":"https:\/\/www.cordobatimes.com\/showup\/wp-json\/wp\/v2\/types\/post"}],"author":[{"embeddable":true,"href":"https:\/\/www.cordobatimes.com\/showup\/wp-json\/wp\/v2\/users\/9"}],"replies":[{"embeddable":true,"href":"https:\/\/www.cordobatimes.com\/showup\/wp-json\/wp\/v2\/comments?post=12696"}],"version-history":[{"count":0,"href":"https:\/\/www.cordobatimes.com\/showup\/wp-json\/wp\/v2\/posts\/12696\/revisions"}],"wp:featuredmedia":[{"embeddable":true,"href":"https:\/\/www.cordobatimes.com\/showup\/wp-json\/wp\/v2\/media\/12438"}],"wp:attachment":[{"href":"https:\/\/www.cordobatimes.com\/showup\/wp-json\/wp\/v2\/media?parent=12696"}],"wp:term":[{"taxonomy":"category","embeddable":true,"href":"https:\/\/www.cordobatimes.com\/showup\/wp-json\/wp\/v2\/categories?post=12696"},{"taxonomy":"post_tag","embeddable":true,"href":"https:\/\/www.cordobatimes.com\/showup\/wp-json\/wp\/v2\/tags?post=12696"}],"curies":[{"name":"wp","href":"https:\/\/api.w.org\/{rel}","templated":true}]}}