{"id":12289,"date":"2014-02-21T13:13:14","date_gmt":"2014-02-21T16:13:14","guid":{"rendered":"http:\/\/cordobatimes.com\/showup\/?p=12289"},"modified":"2019-11-23T20:58:02","modified_gmt":"2019-11-23T23:58:02","slug":"ultima-moda-pestanas-para-mascotas","status":"publish","type":"post","link":"https:\/\/www.cordobatimes.com\/showup\/curiosidades\/2014\/02\/21\/ultima-moda-pestanas-para-mascotas\/","title":{"rendered":"\u00daltima moda: pesta\u00f1as para mascotas"},"content":{"rendered":"<h3 style=\"text-align: justify;\"><strong>Como todos hemos notado, una de las industrias que m\u00e1s ha crecido es la de los productos y servicios para las mascotas. Esto es consecuencia de la contante ambici\u00f3n por poner \u00abpitucos\u00bb a los animalitos de la familia.\u00a0<\/strong><\/h3>\n<p style=\"text-align: justify;\">Pero ahora, no s\u00f3lo se los ba\u00f1a, ti\u00f1e y pone ropa, sino que a un grupo de \u00a0japoneses decidieron ir por m\u00e1s y \u00a1ponerle pesta\u00f1as a sus perros\u00bb.<\/p>\n<p style=\"text-align: justify;\">Esta moda ya es furor en todas partes del mundo y no solo eso, los extravagantes due\u00f1os de estos hermosos animales, adem\u00e1s los maquillan, les sacan fotos y las suben a las redes sociales.<\/p>\n<p style=\"text-align: justify;\">No estamos seguros de si a las mascotas les gustar\u00e1n estas pesta\u00f1as de caricatura, a decir verdad no se las ve muy felices en las fotograf\u00edas, pero\u00a0son tan\u00a0incondicionales que se aguantan cualquier cosa\u00a0por sus locos due\u00f1os.<\/p>\n<p style=\"text-align: justify;\"><a href=\"http:\/\/cordobatimes.com\/showup\/wp-content\/uploads\/2014\/02\/PERRO-2.png\"><img loading=\"lazy\" decoding=\"async\" class=\"alignnone size-full wp-image-12631\" src=\"http:\/\/cordobatimes.com\/showup\/wp-content\/uploads\/2014\/02\/PERRO-2.png\" alt=\"PERRO 2\" width=\"686\" height=\"352\" data-id=\"12631\" srcset=\"https:\/\/www.cordobatimes.com\/showup\/wp-content\/uploads\/2014\/02\/PERRO-2.png 686w, https:\/\/www.cordobatimes.com\/showup\/wp-content\/uploads\/2014\/02\/PERRO-2-300x153.png 300w\" sizes=\"auto, (max-width: 686px) 100vw, 686px\" \/><\/a><\/p>\n<p style=\"text-align: justify;\"><a href=\"http:\/\/cordobatimes.com\/showup\/wp-content\/uploads\/2014\/02\/PERRO.jpg\"><img loading=\"lazy\" decoding=\"async\" class=\"alignnone size-full wp-image-12632\" src=\"http:\/\/cordobatimes.com\/showup\/wp-content\/uploads\/2014\/02\/PERRO.jpg\" alt=\"PERRO\" width=\"611\" height=\"308\" data-id=\"12632\" srcset=\"https:\/\/www.cordobatimes.com\/showup\/wp-content\/uploads\/2014\/02\/PERRO.jpg 611w, https:\/\/www.cordobatimes.com\/showup\/wp-content\/uploads\/2014\/02\/PERRO-300x151.jpg 300w\" sizes=\"auto, (max-width: 611px) 100vw, 611px\" \/><\/a><\/p>\n<p style=\"text-align: justify;\">Informaci\u00f3n y fotograf\u00eda: informe21.com<\/p>\n","protected":false},"excerpt":{"rendered":"<p>Como todos hemos notado, una de las industrias que m\u00e1s ha crecido es la de los productos y servicios para las mascotas. Esto es consecuencia de la contante ambici\u00f3n por poner \u00abpitucos\u00bb a los animalitos de la familia.\u00a0 Pero ahora, no s\u00f3lo se los ba\u00f1a, ti\u00f1e y pone ropa, sino que a un grupo de [&hellip;]<\/p>\n","protected":false},"author":9,"featured_media":12629,"comment_status":"closed","ping_status":"closed","sticky":false,"template":"","format":"standard","meta":{"_seopress_robots_primary_cat":"","_seopress_titles_title":"","_seopress_titles_desc":"","_seopress_robots_index":"","footnotes":""},"categories":[8],"tags":[4095,4094,4093,4092],"class_list":{"0":"post-12289","1":"post","2":"type-post","3":"status-publish","4":"format-standard","5":"has-post-thumbnail","7":"category-curiosidades","8":"tag-perros-caricaturas","9":"tag-perros-con-cejas","10":"tag-perros-con-pestanas","11":"tag-pestanas-para-mascotas"},"_links":{"self":[{"href":"https:\/\/www.cordobatimes.com\/showup\/wp-json\/wp\/v2\/posts\/12289","targetHints":{"allow":["GET"]}}],"collection":[{"href":"https:\/\/www.cordobatimes.com\/showup\/wp-json\/wp\/v2\/posts"}],"about":[{"href":"https:\/\/www.cordobatimes.com\/showup\/wp-json\/wp\/v2\/types\/post"}],"author":[{"embeddable":true,"href":"https:\/\/www.cordobatimes.com\/showup\/wp-json\/wp\/v2\/users\/9"}],"replies":[{"embeddable":true,"href":"https:\/\/www.cordobatimes.com\/showup\/wp-json\/wp\/v2\/comments?post=12289"}],"version-history":[{"count":0,"href":"https:\/\/www.cordobatimes.com\/showup\/wp-json\/wp\/v2\/posts\/12289\/revisions"}],"wp:featuredmedia":[{"embeddable":true,"href":"https:\/\/www.cordobatimes.com\/showup\/wp-json\/wp\/v2\/media\/12629"}],"wp:attachment":[{"href":"https:\/\/www.cordobatimes.com\/showup\/wp-json\/wp\/v2\/media?parent=12289"}],"wp:term":[{"taxonomy":"category","embeddable":true,"href":"https:\/\/www.cordobatimes.com\/showup\/wp-json\/wp\/v2\/categories?post=12289"},{"taxonomy":"post_tag","embeddable":true,"href":"https:\/\/www.cordobatimes.com\/showup\/wp-json\/wp\/v2\/tags?post=12289"}],"curies":[{"name":"wp","href":"https:\/\/api.w.org\/{rel}","templated":true}]}}