{"id":12195,"date":"2014-02-16T23:38:00","date_gmt":"2014-02-17T02:38:00","guid":{"rendered":"http:\/\/cordobatimes.com\/showup\/?p=12195"},"modified":"2019-12-08T16:59:45","modified_gmt":"2019-12-08T19:59:45","slug":"los-autenticos-decadentes-cerraron-el-concierto-en-carlos-paz-bajo-la-lluvia-video","status":"publish","type":"post","link":"https:\/\/www.cordobatimes.com\/showup\/agenda\/2014\/02\/16\/los-autenticos-decadentes-cerraron-el-concierto-en-carlos-paz-bajo-la-lluvia-video\/","title":{"rendered":"Los Aut\u00e9nticos Decadentes cerraron el concierto en Carlos Paz bajo la lluvia (Video)"},"content":{"rendered":"<h3 style=\"text-align: justify;\"><strong>Pese al mal tiempo, mucha gente se sum\u00f3 al Parque de Asistencia del Rally para disfrutar del Coca Cola In Concert.\u00a0<\/strong><\/h3>\n<p style=\"text-align: justify;\">Se calcula que, sobre el final de la noche, unas 35.000 personas hab\u00eda presentes en la costanera de Carlos Paz donde el escenario de la Coca Cola estaba montado. El plato fuerte se larg\u00f3 puntual, a las 20hs cuando el Bahiano se present\u00f3 ante el p\u00fablico.<\/p>\n<p style=\"text-align: justify;\">Apenas iniciado el show, el buen tiempo que se hab\u00eda sostenido durante la ma\u00f1ana y la tarde se quebr\u00f3. Comenz\u00f3 a lloviznar levemente y con el paso de los minutos, la precipitaci\u00f3n se intensificaba. Pese a esto, la gente bail\u00f3 al ritmo de los temas mas conocidos del repertorio del ex Perico.<\/p>\n<p style=\"text-align: justify;\">El recital cerr\u00f3 con \u00abVen\u00ed Raquel\u00bb y \u00abComo me voy a olvidar\u00bb para dar lugar a los fuegos artificiales que iluminaron la costanera y le dieron la despedida a un p\u00fablico mas que conforme con el show que se le hab\u00eda regalado.<\/p>\n<p><iframe loading=\"lazy\" src=\"\/\/www.youtube.com\/embed\/m0AfSyVUyKs\" width=\"560\" height=\"315\" frameborder=\"0\" allowfullscreen=\"allowfullscreen\"><\/iframe><\/p>\n<p>Fuente y fotograf\u00eda: carlospazvivo.com<\/p>\n","protected":false},"excerpt":{"rendered":"<p>Pese al mal tiempo, mucha gente se sum\u00f3 al Parque de Asistencia del Rally para disfrutar del Coca Cola In Concert.\u00a0 Se calcula que, sobre el final de la noche, unas 35.000 personas hab\u00eda presentes en la costanera de Carlos Paz donde el escenario de la Coca Cola estaba montado. El plato fuerte se larg\u00f3 [&hellip;]<\/p>\n","protected":false},"author":9,"featured_media":12260,"comment_status":"closed","ping_status":"closed","sticky":false,"template":"","format":"standard","meta":{"_seopress_robots_primary_cat":"","_seopress_titles_title":"","_seopress_titles_desc":"","_seopress_robots_index":"","footnotes":""},"categories":[6],"tags":[26002],"class_list":{"0":"post-12195","1":"post","2":"type-post","3":"status-publish","4":"format-standard","5":"has-post-thumbnail","7":"category-agenda","8":"tag-los-autenticos-decadentes-coca-cola-in-concert"},"_links":{"self":[{"href":"https:\/\/www.cordobatimes.com\/showup\/wp-json\/wp\/v2\/posts\/12195","targetHints":{"allow":["GET"]}}],"collection":[{"href":"https:\/\/www.cordobatimes.com\/showup\/wp-json\/wp\/v2\/posts"}],"about":[{"href":"https:\/\/www.cordobatimes.com\/showup\/wp-json\/wp\/v2\/types\/post"}],"author":[{"embeddable":true,"href":"https:\/\/www.cordobatimes.com\/showup\/wp-json\/wp\/v2\/users\/9"}],"replies":[{"embeddable":true,"href":"https:\/\/www.cordobatimes.com\/showup\/wp-json\/wp\/v2\/comments?post=12195"}],"version-history":[{"count":0,"href":"https:\/\/www.cordobatimes.com\/showup\/wp-json\/wp\/v2\/posts\/12195\/revisions"}],"wp:featuredmedia":[{"embeddable":true,"href":"https:\/\/www.cordobatimes.com\/showup\/wp-json\/wp\/v2\/media\/12260"}],"wp:attachment":[{"href":"https:\/\/www.cordobatimes.com\/showup\/wp-json\/wp\/v2\/media?parent=12195"}],"wp:term":[{"taxonomy":"category","embeddable":true,"href":"https:\/\/www.cordobatimes.com\/showup\/wp-json\/wp\/v2\/categories?post=12195"},{"taxonomy":"post_tag","embeddable":true,"href":"https:\/\/www.cordobatimes.com\/showup\/wp-json\/wp\/v2\/tags?post=12195"}],"curies":[{"name":"wp","href":"https:\/\/api.w.org\/{rel}","templated":true}]}}