{"id":12074,"date":"2014-02-15T03:36:40","date_gmt":"2014-02-15T06:36:40","guid":{"rendered":"http:\/\/cordobatimes.com\/showup\/?p=12074"},"modified":"2019-12-08T20:32:33","modified_gmt":"2019-12-08T23:32:33","slug":"charly-garcia-cancelo-u-show-en-el-teatro-colon","status":"publish","type":"post","link":"https:\/\/www.cordobatimes.com\/showup\/musica\/2014\/02\/15\/charly-garcia-cancelo-u-show-en-el-teatro-colon\/","title":{"rendered":"Charly Garc\u00eda cancel\u00f3 su show en el teatro Col\u00f3n"},"content":{"rendered":"<h3 style=\"text-align: justify;\"><strong>El m\u00fasico \u00a0decidi\u00f3 cancelar su presentaci\u00f3n planificada para el 22 de febrero donde presentar\u00eda su espect\u00e1culo \u201cL\u00edneas paralelas-Artificio de lo imposible\u201d. \u00bfLos motivos? Enter\u00e1telos en esta nota.\u00a0<\/strong><\/h3>\n<p style=\"text-align: justify;\">Charly, \u00a0de 62 a\u00f1os, envi\u00f3 un comunicado a los medios informando la decisi\u00f3n:\u00a0\u201cLa producci\u00f3n del m\u00fasico Charly Garc\u00eda comunica que la fecha programada para el s\u00e1bado 22 de febrero en el Teatro Col\u00f3n ser\u00e1 cancelada. Debido a la falta de disponibilidad en el mismo se hace imposible su reprogramaci\u00f3n\u201c, indica el texto.<\/p>\n<p style=\"text-align: justify;\">\u201cPor los motivos de salud que fueron de p\u00fablico conocimiento, el cronograma de ensayos que el artista ten\u00eda previstos para este concierto se vio afectado. Por tal motivo, la decisi\u00f3n fue no llevar a cabo el show en la fecha pautada\u201d, agrega.<\/p>\n<p style=\"text-align: justify;\">\u201cMientras tanto, el importe de las entradas anticipadas ser\u00e1 devuelto a partir del jueves 20 de febrero, desde las 10, y durante un plazo de 60 d\u00edas, en las boleter\u00edas del Teatro Col\u00f3n\u201d, concluye el comunicado.<\/p>\n","protected":false},"excerpt":{"rendered":"<p>El m\u00fasico \u00a0decidi\u00f3 cancelar su presentaci\u00f3n planificada para el 22 de febrero donde presentar\u00eda su espect\u00e1culo \u201cL\u00edneas paralelas-Artificio de lo imposible\u201d. \u00bfLos motivos? Enter\u00e1telos en esta nota.\u00a0 Charly, \u00a0de 62 a\u00f1os, envi\u00f3 un comunicado a los medios informando la decisi\u00f3n:\u00a0\u201cLa producci\u00f3n del m\u00fasico Charly Garc\u00eda comunica que la fecha programada para el s\u00e1bado 22 de [&hellip;]<\/p>\n","protected":false},"author":9,"featured_media":12075,"comment_status":"closed","ping_status":"closed","sticky":false,"template":"","format":"standard","meta":{"_seopress_robots_primary_cat":"","_seopress_titles_title":"","_seopress_titles_desc":"","_seopress_robots_index":"","footnotes":""},"categories":[5],"tags":[26825,26032],"class_list":{"0":"post-12074","1":"post","2":"type-post","3":"status-publish","4":"format-standard","5":"has-post-thumbnail","7":"category-musica","8":"tag-charly-garcia-cancelo-un-show-en-el-colon","9":"tag-charly-garcia-teatro-colon"},"_links":{"self":[{"href":"https:\/\/www.cordobatimes.com\/showup\/wp-json\/wp\/v2\/posts\/12074","targetHints":{"allow":["GET"]}}],"collection":[{"href":"https:\/\/www.cordobatimes.com\/showup\/wp-json\/wp\/v2\/posts"}],"about":[{"href":"https:\/\/www.cordobatimes.com\/showup\/wp-json\/wp\/v2\/types\/post"}],"author":[{"embeddable":true,"href":"https:\/\/www.cordobatimes.com\/showup\/wp-json\/wp\/v2\/users\/9"}],"replies":[{"embeddable":true,"href":"https:\/\/www.cordobatimes.com\/showup\/wp-json\/wp\/v2\/comments?post=12074"}],"version-history":[{"count":0,"href":"https:\/\/www.cordobatimes.com\/showup\/wp-json\/wp\/v2\/posts\/12074\/revisions"}],"wp:featuredmedia":[{"embeddable":true,"href":"https:\/\/www.cordobatimes.com\/showup\/wp-json\/wp\/v2\/media\/12075"}],"wp:attachment":[{"href":"https:\/\/www.cordobatimes.com\/showup\/wp-json\/wp\/v2\/media?parent=12074"}],"wp:term":[{"taxonomy":"category","embeddable":true,"href":"https:\/\/www.cordobatimes.com\/showup\/wp-json\/wp\/v2\/categories?post=12074"},{"taxonomy":"post_tag","embeddable":true,"href":"https:\/\/www.cordobatimes.com\/showup\/wp-json\/wp\/v2\/tags?post=12074"}],"curies":[{"name":"wp","href":"https:\/\/api.w.org\/{rel}","templated":true}]}}