{"id":11912,"date":"2014-02-14T08:47:20","date_gmt":"2014-02-14T11:47:20","guid":{"rendered":"http:\/\/cordobatimes.com\/showup\/?p=11912"},"modified":"2019-12-08T21:00:35","modified_gmt":"2019-12-09T00:00:35","slug":"isabel-macedo-regresa-a-la-tv-con-cambio-de-look-foto","status":"publish","type":"post","link":"https:\/\/www.cordobatimes.com\/showup\/famosos\/2014\/02\/14\/isabel-macedo-regresa-a-la-tv-con-cambio-de-look-foto\/","title":{"rendered":"Isabel Macedo regresa a la Tv con cambio de look (Foto)"},"content":{"rendered":"<h3 style=\"text-align: justify;\"><strong>La actriz que triunf\u00f3 con su papel de Jimena en \u00abGraduados\u00bb, dej\u00f3 \u00a0el morocho que la caracterizaba y cambi\u00f3 rotundamente de apariencia.<\/strong><\/h3>\n<p style=\"text-align: justify;\">Su caracter\u00edstica cabellera qued\u00f3 matizada con mechas rubias. El nuevo aspecto de Isabel tiene que ver con \u00abGuapas\u00bb, la nueva apuesta de Pol-Ka que la tiene como una de las figuras femeninas protag\u00f3nicas.<\/p>\n<p style=\"text-align: justify;\">En dicha ficci\u00f3n,\u00a0Macedo\u00a0compondr\u00e1 a\u00a0Laura\u00a0y tendr\u00e1 una historia de amor con\u00a0Esteban Lamothe, actor que anoche se despidi\u00f3 de\u00a0Antonio, en \u00abFarsantes\u00bb.<\/p>\n<p style=\"text-align: justify;\">Divertida y con ganas de empezar, Macedo comparti\u00f3 con todos sus seguidores una imagen donde se la ve con su mascota.<\/p>\n<blockquote class=\"twitter-tweet\" data-lang=\"es\">\n<p dir=\"ltr\" lang=\"en\">Have a good one! <a href=\"http:\/\/t.co\/sgDH0NIx5D\">pic.twitter.com\/sgDH0NIx5D<\/a><\/p>\n<p>\u2014 isabel macedo (@belisamacedo) <a href=\"https:\/\/twitter.com\/belisamacedo\/status\/434006885784903680?ref_src=twsrc%5Etfw\">13 de febrero de 2014<\/a><\/p><\/blockquote>\n<p><script async src=\"https:\/\/platform.twitter.com\/widgets.js\" charset=\"utf-8\"><\/script><\/p>\n","protected":false},"excerpt":{"rendered":"<p>La actriz que triunf\u00f3 con su papel de Jimena en \u00abGraduados\u00bb, dej\u00f3 \u00a0el morocho que la caracterizaba y cambi\u00f3 rotundamente de apariencia. Su caracter\u00edstica cabellera qued\u00f3 matizada con mechas rubias. El nuevo aspecto de Isabel tiene que ver con \u00abGuapas\u00bb, la nueva apuesta de Pol-Ka que la tiene como una de las figuras femeninas protag\u00f3nicas. [&hellip;]<\/p>\n","protected":false},"author":9,"featured_media":11981,"comment_status":"closed","ping_status":"closed","sticky":false,"template":"","format":"standard","meta":{"_seopress_robots_primary_cat":"","_seopress_titles_title":"","_seopress_titles_desc":"","_seopress_robots_index":"","footnotes":""},"categories":[4],"tags":[26044,26045],"class_list":{"0":"post-11912","1":"post","2":"type-post","3":"status-publish","4":"format-standard","5":"has-post-thumbnail","7":"category-famosos","8":"tag-isabel-macedo-actriz","9":"tag-isabel-macedo-novelas"},"_links":{"self":[{"href":"https:\/\/www.cordobatimes.com\/showup\/wp-json\/wp\/v2\/posts\/11912","targetHints":{"allow":["GET"]}}],"collection":[{"href":"https:\/\/www.cordobatimes.com\/showup\/wp-json\/wp\/v2\/posts"}],"about":[{"href":"https:\/\/www.cordobatimes.com\/showup\/wp-json\/wp\/v2\/types\/post"}],"author":[{"embeddable":true,"href":"https:\/\/www.cordobatimes.com\/showup\/wp-json\/wp\/v2\/users\/9"}],"replies":[{"embeddable":true,"href":"https:\/\/www.cordobatimes.com\/showup\/wp-json\/wp\/v2\/comments?post=11912"}],"version-history":[{"count":0,"href":"https:\/\/www.cordobatimes.com\/showup\/wp-json\/wp\/v2\/posts\/11912\/revisions"}],"wp:featuredmedia":[{"embeddable":true,"href":"https:\/\/www.cordobatimes.com\/showup\/wp-json\/wp\/v2\/media\/11981"}],"wp:attachment":[{"href":"https:\/\/www.cordobatimes.com\/showup\/wp-json\/wp\/v2\/media?parent=11912"}],"wp:term":[{"taxonomy":"category","embeddable":true,"href":"https:\/\/www.cordobatimes.com\/showup\/wp-json\/wp\/v2\/categories?post=11912"},{"taxonomy":"post_tag","embeddable":true,"href":"https:\/\/www.cordobatimes.com\/showup\/wp-json\/wp\/v2\/tags?post=11912"}],"curies":[{"name":"wp","href":"https:\/\/api.w.org\/{rel}","templated":true}]}}