{"id":11883,"date":"2014-02-14T08:00:12","date_gmt":"2014-02-14T11:00:12","guid":{"rendered":"http:\/\/cordobatimes.com\/showup\/?p=11883"},"modified":"2019-12-08T21:10:22","modified_gmt":"2019-12-09T00:10:22","slug":"vida-asi-se-llamara-la-cancion-que-ricky-martin-cantara-en-el-mundial","status":"publish","type":"post","link":"https:\/\/www.cordobatimes.com\/showup\/musica\/2014\/02\/14\/vida-asi-se-llamara-la-cancion-que-ricky-martin-cantara-en-el-mundial\/","title":{"rendered":"\u00abVida\u00bb as\u00ed se llamar\u00e1 la canci\u00f3n que Ricky Martin cantar\u00e1 en el Mundial"},"content":{"rendered":"<h3 style=\"text-align: justify;\"><strong>Sali\u00f3 \u00a0la luz el nombre del ganador del concurso \u00abSuperSong del Mundial Brasil 2014\u00bb. El concurso organizado por FIFA que permitir\u00eda que un estadounidense \u00a0hacer su propia canci\u00f3n del torneo junto al prestigioso int\u00e9rprete puertorrique\u00f1o.<\/strong><\/h3>\n<p style=\"text-align: justify;\">Si bien la canci\u00f3n oficial del certamen se llama \u00abWe are One\u00bb y es una obra de Pitbull, Jennifer L\u00f3pez y la brasile\u00f1a Claudia Leitte, se confirma que el tema \u00abVida\u00bb, de Elijah, ser\u00e1 el segundo inclu\u00eddo en el \u00e1lbum oficial.<\/p>\n<p style=\"text-align: justify;\">\u00abQuiero felicitar personalmente a Elijah King y a los dem\u00e1s finalistas de este apasionante concurso. Han producido temas \u00fanicos, seg\u00fan sus talentos individuales, pero quetienen en com\u00fan la expresi\u00f3n de una intensa pasi\u00f3n por el f\u00fatbol\u00bb, declar\u00f3 el director de Marketing de la FIFA, Thierry Weil.<\/p>\n<p style=\"text-align: justify;\">Este concurso mundial se puso en marcha en diciembre de 2013 conjuntamente con la disquera Sony. Se invit\u00f3 a aspirantes a m\u00fasicos y aficionados al f\u00fatbol a enviar videos con sus propuestas de canciones originales.<\/p>\n<p style=\"text-align: justify;\">El tema ganador fue seleccionado por Ricky Martin, que ya particip\u00f3 de la cita mundialista cu\u00e1ndo hizo \u00abLa Copa de la Vida\u00bb para Francia 98. \u00c9l y el jurado de \u00abSuperSong\u00bb confeccionaron antes una lista previa de cinco singles a finales de enero.<\/p>\n<p>\u00a0<iframe loading=\"lazy\" src=\"\/\/www.youtube.com\/embed\/wlkkPi8H39U\" width=\"560\" height=\"315\" frameborder=\"0\" allowfullscreen=\"allowfullscreen\"><\/iframe><\/p>\n<p style=\"text-align: justify;\">Elijah viajar\u00e1 a Miami para trabajar con el puertorrique\u00f1o y un productor de m\u00fasica de primer orden y hacer la versi\u00f3n definitiva de la canci\u00f3n, para su inclusi\u00f3n en el \u00e1lbum oficial.<\/p>\n<p style=\"text-align: justify;\">Adem\u00e1s, el ganador del concurso y una persona de su elecci\u00f3n viajar\u00e1n tambi\u00e9n a Brasil, donde ser\u00e1n invitados VIP de Sony en la final del Mundial 2014.<\/p>\n<p style=\"text-align: justify;\">Informaci\u00f3n: Agencia de noticias.<\/p>\n","protected":false},"excerpt":{"rendered":"<p>Sali\u00f3 \u00a0la luz el nombre del ganador del concurso \u00abSuperSong del Mundial Brasil 2014\u00bb. El concurso organizado por FIFA que permitir\u00eda que un estadounidense \u00a0hacer su propia canci\u00f3n del torneo junto al prestigioso int\u00e9rprete puertorrique\u00f1o. Si bien la canci\u00f3n oficial del certamen se llama \u00abWe are One\u00bb y es una obra de Pitbull, Jennifer L\u00f3pez [&hellip;]<\/p>\n","protected":false},"author":9,"featured_media":11975,"comment_status":"closed","ping_status":"closed","sticky":false,"template":"","format":"standard","meta":{"_seopress_robots_primary_cat":"","_seopress_titles_title":"","_seopress_titles_desc":"","_seopress_robots_index":"","footnotes":""},"categories":[5],"tags":[26826,3923,26050,26049],"class_list":{"0":"post-11883","1":"post","2":"type-post","3":"status-publish","4":"format-standard","5":"has-post-thumbnail","7":"category-musica","8":"tag-vida-cancion-que-ricky-martin-cantara-en-el-mundial","9":"tag-cancion-del-mundial","10":"tag-cancion-del-mundial-de-ricky-martin","11":"tag-ricky-martin-cantara-en-el-mundial"},"_links":{"self":[{"href":"https:\/\/www.cordobatimes.com\/showup\/wp-json\/wp\/v2\/posts\/11883","targetHints":{"allow":["GET"]}}],"collection":[{"href":"https:\/\/www.cordobatimes.com\/showup\/wp-json\/wp\/v2\/posts"}],"about":[{"href":"https:\/\/www.cordobatimes.com\/showup\/wp-json\/wp\/v2\/types\/post"}],"author":[{"embeddable":true,"href":"https:\/\/www.cordobatimes.com\/showup\/wp-json\/wp\/v2\/users\/9"}],"replies":[{"embeddable":true,"href":"https:\/\/www.cordobatimes.com\/showup\/wp-json\/wp\/v2\/comments?post=11883"}],"version-history":[{"count":0,"href":"https:\/\/www.cordobatimes.com\/showup\/wp-json\/wp\/v2\/posts\/11883\/revisions"}],"wp:featuredmedia":[{"embeddable":true,"href":"https:\/\/www.cordobatimes.com\/showup\/wp-json\/wp\/v2\/media\/11975"}],"wp:attachment":[{"href":"https:\/\/www.cordobatimes.com\/showup\/wp-json\/wp\/v2\/media?parent=11883"}],"wp:term":[{"taxonomy":"category","embeddable":true,"href":"https:\/\/www.cordobatimes.com\/showup\/wp-json\/wp\/v2\/categories?post=11883"},{"taxonomy":"post_tag","embeddable":true,"href":"https:\/\/www.cordobatimes.com\/showup\/wp-json\/wp\/v2\/tags?post=11883"}],"curies":[{"name":"wp","href":"https:\/\/api.w.org\/{rel}","templated":true}]}}