{"id":11852,"date":"2014-02-13T11:30:46","date_gmt":"2014-02-13T14:30:46","guid":{"rendered":"http:\/\/cordobatimes.com\/showup\/?p=11852"},"modified":"2019-11-25T19:20:32","modified_gmt":"2019-11-25T22:20:32","slug":"llego-el-final-de-farsantes-que-te-parecio-video","status":"publish","type":"post","link":"https:\/\/www.cordobatimes.com\/showup\/tv\/2014\/02\/13\/llego-el-final-de-farsantes-que-te-parecio-video\/","title":{"rendered":"Lleg\u00f3 el final de \u00abFarsantes\u00bb, \u00bfQu\u00e9 te pareci\u00f3? (Video)"},"content":{"rendered":"<h3 style=\"text-align: justify;\"><strong>Con picos de rating de m\u00e1s de 13 puntos; la apuesta del prime time de El Trece dej\u00f3 conforme a muchos de sus fan\u00e1ticos. Enterate los detalles, en esta nota.\u00a0<\/strong><\/h3>\n<p style=\"text-align: justify;\">Si bien media telenovela qued\u00f3 inconclusa, como dijeron muchos televidentes, al no volver\u00a0Facundo Arana\u00a0y cerrar su historia con\u00a0Griselda Siciliani, el regreso de\u00a0Benjam\u00edn Vicu\u00f1a\u00a0conform\u00f3 a los \u00a0que siguieron la estirada novela que finaliz\u00f3 ayer por la noche.<\/p>\n<p style=\"text-align: justify;\">El momento m\u00e1s anhelado obtuvo \u00a013.2 puntos cuando Pedro (Vicu\u00f1a) se aparece a trav\u00e9s del \u00a0recuerdo de \u00a0Guillermo (Julio Ch\u00e1vez) y comparten un \u00abdi\u00e1logo\u00bb m\u00e1s que rom\u00e1ntico; la escena entre ambos enamorados fue conmovedora.<\/p>\n<p style=\"text-align: justify;\">Guillermo le jur\u00f3 a Pedro que ser\u00eda feliz de ahora en m\u00e1s y \u00e9ste le coment\u00f3 que \u201cno pasa nada, s\u00f3lo estoy del otro lado del camino\u201d. Un abrazo entre ambos cerr\u00f3 \u201cFarsantes\u00bb con la c\u00e1mara en la cara de Ch\u00e1vez observando a sus afectos.<\/p>\n<p style=\"text-align: justify;\">A vos, \u00bfTe convenci\u00f3 el final?<\/p>\n<p><iframe loading=\"lazy\" src=\"\/\/www.youtube.com\/embed\/05b3oo9qZSA\" width=\"560\" height=\"315\" frameborder=\"0\" allowfullscreen=\"allowfullscreen\"><\/iframe><\/p>\n","protected":false},"excerpt":{"rendered":"<p>Con picos de rating de m\u00e1s de 13 puntos; la apuesta del prime time de El Trece dej\u00f3 conforme a muchos de sus fan\u00e1ticos. Enterate los detalles, en esta nota.\u00a0 Si bien media telenovela qued\u00f3 inconclusa, como dijeron muchos televidentes, al no volver\u00a0Facundo Arana\u00a0y cerrar su historia con\u00a0Griselda Siciliani, el regreso de\u00a0Benjam\u00edn Vicu\u00f1a\u00a0conform\u00f3 a los [&hellip;]<\/p>\n","protected":false},"author":9,"featured_media":11853,"comment_status":"closed","ping_status":"closed","sticky":false,"template":"","format":"standard","meta":{"_seopress_robots_primary_cat":"","_seopress_titles_title":"","_seopress_titles_desc":"","_seopress_robots_index":"","footnotes":""},"categories":[2],"tags":[26071,26070],"class_list":{"0":"post-11852","1":"post","2":"type-post","3":"status-publish","4":"format-standard","5":"has-post-thumbnail","7":"category-tv","8":"tag-capitulo-final-de-farsantes","9":"tag-final-de-farsantes"},"_links":{"self":[{"href":"https:\/\/www.cordobatimes.com\/showup\/wp-json\/wp\/v2\/posts\/11852","targetHints":{"allow":["GET"]}}],"collection":[{"href":"https:\/\/www.cordobatimes.com\/showup\/wp-json\/wp\/v2\/posts"}],"about":[{"href":"https:\/\/www.cordobatimes.com\/showup\/wp-json\/wp\/v2\/types\/post"}],"author":[{"embeddable":true,"href":"https:\/\/www.cordobatimes.com\/showup\/wp-json\/wp\/v2\/users\/9"}],"replies":[{"embeddable":true,"href":"https:\/\/www.cordobatimes.com\/showup\/wp-json\/wp\/v2\/comments?post=11852"}],"version-history":[{"count":0,"href":"https:\/\/www.cordobatimes.com\/showup\/wp-json\/wp\/v2\/posts\/11852\/revisions"}],"wp:featuredmedia":[{"embeddable":true,"href":"https:\/\/www.cordobatimes.com\/showup\/wp-json\/wp\/v2\/media\/11853"}],"wp:attachment":[{"href":"https:\/\/www.cordobatimes.com\/showup\/wp-json\/wp\/v2\/media?parent=11852"}],"wp:term":[{"taxonomy":"category","embeddable":true,"href":"https:\/\/www.cordobatimes.com\/showup\/wp-json\/wp\/v2\/categories?post=11852"},{"taxonomy":"post_tag","embeddable":true,"href":"https:\/\/www.cordobatimes.com\/showup\/wp-json\/wp\/v2\/tags?post=11852"}],"curies":[{"name":"wp","href":"https:\/\/api.w.org\/{rel}","templated":true}]}}