{"id":1185,"date":"2013-10-30T10:21:36","date_gmt":"2013-10-30T13:21:36","guid":{"rendered":"http:\/\/www.cordobatimes.com\/?p=1185"},"modified":"2019-12-01T21:01:21","modified_gmt":"2019-12-02T00:01:21","slug":"se-separan-los-jonas-brothers","status":"publish","type":"post","link":"https:\/\/www.cordobatimes.com\/showup\/musica\/2013\/10\/30\/se-separan-los-jonas-brothers\/","title":{"rendered":"Se separan los Jonas Brothers"},"content":{"rendered":"<h3><strong>El tr\u00edo estadounidense, fen\u00f3meno musical surgido del canal Disney Channel, anunci\u00f3 el fin por \u00abdecisi\u00f3n un\u00e1nime\u00bb, despu\u00e9s de cuatro discos de estudio que los convirtieron en una de las bandas juveniles de mayor \u00e9xito.<\/strong><\/h3>\n<p>La noticia, que se conoci\u00f3 luego de la abrupta cancelaci\u00f3n de la gira que ten\u00edan programada para el mes de octubre, la dio a conocer uno sus integrantes a trav\u00e9s la Revista People: \u00abse acab\u00f3 por ahora\u00bb, dijeron. Adem\u00e1s, no cerraron las puertas para un regreso en el futuro.<\/p>\n<p>\u00abIt&#8217;s about time\u00bb (2006), \u00abJonas brothers\u00bb (2007), \u00abA little bit longer\u00bb (2008) y \u00abLines, vines and trying times\u00bb (2009) son los cuatro discos de estudio en los que trabajaron juntos. El \u00faltimo fue lanzado en mayo de este a\u00f1o y, finalmente, el quinto que hab\u00edan anunciado para fin de a\u00f1o seguir\u00e1 esperando.<\/p>\n<p><iframe loading=\"lazy\" width=\"560\" height=\"315\" src=\"https:\/\/www.youtube.com\/embed\/EbBGkqll8lI\" frameborder=\"0\" allow=\"accelerometer; autoplay; encrypted-media; gyroscope; picture-in-picture\" allowfullscreen><\/iframe><\/p>\n<p><iframe loading=\"lazy\" width=\"560\" height=\"315\" src=\"https:\/\/www.youtube.com\/embed\/rbqdfZbhJnI\" frameborder=\"0\" allow=\"accelerometer; autoplay; encrypted-media; gyroscope; picture-in-picture\" allowfullscreen><\/iframe><\/p>\n<p><iframe loading=\"lazy\" width=\"560\" height=\"315\" src=\"https:\/\/www.youtube.com\/embed\/jtozB8HG_Gk\" frameborder=\"0\" allow=\"accelerometer; autoplay; encrypted-media; gyroscope; picture-in-picture\" allowfullscreen><\/iframe><\/p>\n","protected":false},"excerpt":{"rendered":"<p>El tr\u00edo estadounidense, fen\u00f3meno musical surgido del canal Disney Channel, anunci\u00f3 el fin por \u00abdecisi\u00f3n un\u00e1nime\u00bb, despu\u00e9s de cuatro discos de estudio que los convirtieron en una de las bandas juveniles de mayor \u00e9xito. La noticia, que se conoci\u00f3 luego de la abrupta cancelaci\u00f3n de la gira que ten\u00edan programada para el mes de octubre, [&hellip;]<\/p>\n","protected":false},"author":1,"featured_media":67118,"comment_status":"closed","ping_status":"closed","sticky":false,"template":"","format":"standard","meta":{"_seopress_robots_primary_cat":"","_seopress_titles_title":"","_seopress_titles_desc":"","_seopress_robots_index":"","footnotes":""},"categories":[5],"tags":[26496,26495,24690],"class_list":{"0":"post-1185","1":"post","2":"type-post","3":"status-publish","4":"format-standard","5":"has-post-thumbnail","7":"category-musica","8":"tag-motivo-de-la-separacion-de-los-jonas-brothers","9":"tag-se-separaron-los-jonas-brothers","10":"tag-separacion-de-los-jonas-brothers"},"_links":{"self":[{"href":"https:\/\/www.cordobatimes.com\/showup\/wp-json\/wp\/v2\/posts\/1185","targetHints":{"allow":["GET"]}}],"collection":[{"href":"https:\/\/www.cordobatimes.com\/showup\/wp-json\/wp\/v2\/posts"}],"about":[{"href":"https:\/\/www.cordobatimes.com\/showup\/wp-json\/wp\/v2\/types\/post"}],"author":[{"embeddable":true,"href":"https:\/\/www.cordobatimes.com\/showup\/wp-json\/wp\/v2\/users\/1"}],"replies":[{"embeddable":true,"href":"https:\/\/www.cordobatimes.com\/showup\/wp-json\/wp\/v2\/comments?post=1185"}],"version-history":[{"count":0,"href":"https:\/\/www.cordobatimes.com\/showup\/wp-json\/wp\/v2\/posts\/1185\/revisions"}],"wp:featuredmedia":[{"embeddable":true,"href":"https:\/\/www.cordobatimes.com\/showup\/wp-json\/wp\/v2\/media\/67118"}],"wp:attachment":[{"href":"https:\/\/www.cordobatimes.com\/showup\/wp-json\/wp\/v2\/media?parent=1185"}],"wp:term":[{"taxonomy":"category","embeddable":true,"href":"https:\/\/www.cordobatimes.com\/showup\/wp-json\/wp\/v2\/categories?post=1185"},{"taxonomy":"post_tag","embeddable":true,"href":"https:\/\/www.cordobatimes.com\/showup\/wp-json\/wp\/v2\/tags?post=1185"}],"curies":[{"name":"wp","href":"https:\/\/api.w.org\/{rel}","templated":true}]}}