{"id":11750,"date":"2014-02-12T00:05:21","date_gmt":"2014-02-12T03:05:21","guid":{"rendered":"http:\/\/cordobatimes.com\/showup\/?p=11750"},"modified":"2019-11-25T21:16:24","modified_gmt":"2019-11-26T00:16:24","slug":"britney-spears-sorprendente-cambio-de-look-foto","status":"publish","type":"post","link":"https:\/\/www.cordobatimes.com\/showup\/famosos\/2014\/02\/12\/britney-spears-sorprendente-cambio-de-look-foto\/","title":{"rendered":"Britney Spears: sorprendente cambio de look (Foto)"},"content":{"rendered":"<h3 style=\"text-align: justify;\"><strong>Al parecer la cantante se aburri\u00f3 de su cl\u00e1sico pelo rubio que la catapult\u00f3 a la fama cantando \u00abOops!&#8230; I did it again\u00bb y .ahora, se anim\u00f3 a renovarse radicalmente \u00a0y se ti\u00f1\u00f3 de morocha.<\/strong><\/h3>\n<p style=\"text-align: justify;\">Ya en 2006, Britney Spears se mostr\u00f3 con unas mechas rubias; en 2007, se ti\u00f1\u00f3 de rubio platino&#8230; Pero el cambio m\u00e1s exagerado lo experiment\u00f3 cuando decidi\u00f3 raparse la cabeza.<\/p>\n<p style=\"text-align: justify;\">Si bien, la cantante ya hab\u00eda tenido el pelo color negro durante el a\u00f1o pasado, ahora reincidi\u00f3. As\u00ed se la vio en una foto que public\u00f3 en su cuenta de Instagram, en la que promociona su l\u00ednea de perfumes.<\/p>\n<p style=\"text-align: justify;\">Qui\u00e9n tambi\u00e9n se anim\u00f3 al cambio de look fue Kim Kardashian. La celebridad ha abandonado sus mechas californianas en pro de un estilo m\u00e1s natural.<\/p>\n<p style=\"text-align: center;\"><a href=\"http:\/\/cordobatimes.com\/showup\/wp-content\/uploads\/2014\/02\/BRITNEY.jpg\"><img loading=\"lazy\" decoding=\"async\" class=\"wp-image-11753 aligncenter\" src=\"http:\/\/cordobatimes.com\/showup\/wp-content\/uploads\/2014\/02\/BRITNEY.jpg\" alt=\"BRITNEY\" width=\"600\" height=\"590\" data-id=\"11753\" \/><\/a><\/p>\n<p style=\"text-align: justify;\">Informaci\u00f3n: Elintransigente.com<\/p>\n","protected":false},"excerpt":{"rendered":"<p>Al parecer la cantante se aburri\u00f3 de su cl\u00e1sico pelo rubio que la catapult\u00f3 a la fama cantando \u00abOops!&#8230; I did it again\u00bb y .ahora, se anim\u00f3 a renovarse radicalmente \u00a0y se ti\u00f1\u00f3 de morocha. Ya en 2006, Britney Spears se mostr\u00f3 con unas mechas rubias; en 2007, se ti\u00f1\u00f3 de rubio platino&#8230; Pero el [&hellip;]<\/p>\n","protected":false},"author":9,"featured_media":11754,"comment_status":"closed","ping_status":"closed","sticky":false,"template":"","format":"standard","meta":{"_seopress_robots_primary_cat":"","_seopress_titles_title":"","_seopress_titles_desc":"","_seopress_robots_index":"","footnotes":""},"categories":[4],"tags":[26077],"class_list":{"0":"post-11750","1":"post","2":"type-post","3":"status-publish","4":"format-standard","5":"has-post-thumbnail","7":"category-famosos","8":"tag-los-cambios-de-looks-de-britney-spears"},"_links":{"self":[{"href":"https:\/\/www.cordobatimes.com\/showup\/wp-json\/wp\/v2\/posts\/11750","targetHints":{"allow":["GET"]}}],"collection":[{"href":"https:\/\/www.cordobatimes.com\/showup\/wp-json\/wp\/v2\/posts"}],"about":[{"href":"https:\/\/www.cordobatimes.com\/showup\/wp-json\/wp\/v2\/types\/post"}],"author":[{"embeddable":true,"href":"https:\/\/www.cordobatimes.com\/showup\/wp-json\/wp\/v2\/users\/9"}],"replies":[{"embeddable":true,"href":"https:\/\/www.cordobatimes.com\/showup\/wp-json\/wp\/v2\/comments?post=11750"}],"version-history":[{"count":0,"href":"https:\/\/www.cordobatimes.com\/showup\/wp-json\/wp\/v2\/posts\/11750\/revisions"}],"wp:featuredmedia":[{"embeddable":true,"href":"https:\/\/www.cordobatimes.com\/showup\/wp-json\/wp\/v2\/media\/11754"}],"wp:attachment":[{"href":"https:\/\/www.cordobatimes.com\/showup\/wp-json\/wp\/v2\/media?parent=11750"}],"wp:term":[{"taxonomy":"category","embeddable":true,"href":"https:\/\/www.cordobatimes.com\/showup\/wp-json\/wp\/v2\/categories?post=11750"},{"taxonomy":"post_tag","embeddable":true,"href":"https:\/\/www.cordobatimes.com\/showup\/wp-json\/wp\/v2\/tags?post=11750"}],"curies":[{"name":"wp","href":"https:\/\/api.w.org\/{rel}","templated":true}]}}