{"id":11654,"date":"2014-02-11T00:00:36","date_gmt":"2014-02-11T03:00:36","guid":{"rendered":"http:\/\/cordobatimes.com\/showup\/?p=11654"},"modified":"2019-12-09T17:24:50","modified_gmt":"2019-12-09T20:24:50","slug":"carmen-barbieri-tengo-fobia-social","status":"publish","type":"post","link":"https:\/\/www.cordobatimes.com\/showup\/famosos\/2014\/02\/11\/carmen-barbieri-tengo-fobia-social\/","title":{"rendered":"Carmen Barbieri: \u00abTengo fobia social\u00bb"},"content":{"rendered":"<h3 style=\"text-align: justify;\"><strong>Exitosa y super reconocida por el p\u00fablico; la capoc\u00f3mica admiti\u00f3 que aunque est\u00e1 realizando un \u00e9xito en Mar del Plata se encuentra pasando un mal momento de salud. <\/strong><\/h3>\n<p style=\"text-align: justify;\">Una de las emblem\u00e1ticas figuras de la temporada se qued\u00f3 afuera de los premios Estrella de Mar, que reconocen a los espect\u00e1culos m\u00e1s destacados de la temporada 2014 ya que sufre de un importante malestar.<\/p>\n<p style=\"text-align: justify;\">Se trata de Carmen Barbieri, quien anunci\u00f3 los motivos de su &#8216;faltazo&#8217;: \u00abNo es que no voy porque no tengo ganas, sino que no me siento c\u00f3moda en lugares d\u00f3nde hay mucha gente, pese a que muchos son amigos de toda la vida\u00bb, dijo en Desayuno americano.<\/p>\n<p style=\"text-align: justify;\">\u00abTengo fobia social y estoy con principio de p\u00e1nico, que en verdad se llama memoria panicosa\u00bb, agreg\u00f3 sobre su estado de salud.<\/p>\n<p><iframe loading=\"lazy\" width=\"560\" height=\"315\" src=\"https:\/\/www.youtube.com\/embed\/RC1ahyqCAIg\" frameborder=\"0\" allow=\"accelerometer; autoplay; encrypted-media; gyroscope; picture-in-picture\" allowfullscreen><\/iframe><\/p>\n","protected":false},"excerpt":{"rendered":"<p>Exitosa y super reconocida por el p\u00fablico; la capoc\u00f3mica admiti\u00f3 que aunque est\u00e1 realizando un \u00e9xito en Mar del Plata se encuentra pasando un mal momento de salud. Una de las emblem\u00e1ticas figuras de la temporada se qued\u00f3 afuera de los premios Estrella de Mar, que reconocen a los espect\u00e1culos m\u00e1s destacados de la temporada [&hellip;]<\/p>\n","protected":false},"author":9,"featured_media":11655,"comment_status":"closed","ping_status":"closed","sticky":false,"template":"","format":"standard","meta":{"_seopress_robots_primary_cat":"","_seopress_titles_title":"","_seopress_titles_desc":"","_seopress_robots_index":"","footnotes":""},"categories":[4],"tags":[26100,26099],"class_list":{"0":"post-11654","1":"post","2":"type-post","3":"status-publish","4":"format-standard","5":"has-post-thumbnail","7":"category-famosos","8":"tag-carmen-barbieri-fobia-social","9":"tag-declaraciones-de-carmen-barbieri"},"_links":{"self":[{"href":"https:\/\/www.cordobatimes.com\/showup\/wp-json\/wp\/v2\/posts\/11654","targetHints":{"allow":["GET"]}}],"collection":[{"href":"https:\/\/www.cordobatimes.com\/showup\/wp-json\/wp\/v2\/posts"}],"about":[{"href":"https:\/\/www.cordobatimes.com\/showup\/wp-json\/wp\/v2\/types\/post"}],"author":[{"embeddable":true,"href":"https:\/\/www.cordobatimes.com\/showup\/wp-json\/wp\/v2\/users\/9"}],"replies":[{"embeddable":true,"href":"https:\/\/www.cordobatimes.com\/showup\/wp-json\/wp\/v2\/comments?post=11654"}],"version-history":[{"count":0,"href":"https:\/\/www.cordobatimes.com\/showup\/wp-json\/wp\/v2\/posts\/11654\/revisions"}],"wp:featuredmedia":[{"embeddable":true,"href":"https:\/\/www.cordobatimes.com\/showup\/wp-json\/wp\/v2\/media\/11655"}],"wp:attachment":[{"href":"https:\/\/www.cordobatimes.com\/showup\/wp-json\/wp\/v2\/media?parent=11654"}],"wp:term":[{"taxonomy":"category","embeddable":true,"href":"https:\/\/www.cordobatimes.com\/showup\/wp-json\/wp\/v2\/categories?post=11654"},{"taxonomy":"post_tag","embeddable":true,"href":"https:\/\/www.cordobatimes.com\/showup\/wp-json\/wp\/v2\/tags?post=11654"}],"curies":[{"name":"wp","href":"https:\/\/api.w.org\/{rel}","templated":true}]}}