{"id":11582,"date":"2014-02-11T20:51:38","date_gmt":"2014-02-11T23:51:38","guid":{"rendered":"http:\/\/cordobatimes.com\/showup\/?p=11582"},"modified":"2019-11-25T21:20:57","modified_gmt":"2019-11-26T00:20:57","slug":"de-no-creer-caerse-de-la-cama-mata-mas-gente-que-los-aviones","status":"publish","type":"post","link":"https:\/\/www.cordobatimes.com\/showup\/curiosidades\/2014\/02\/11\/de-no-creer-caerse-de-la-cama-mata-mas-gente-que-los-aviones\/","title":{"rendered":"\u00a1De no creer!: caerse de la cama mata m\u00e1s gente que los accidentes a\u00e9reos"},"content":{"rendered":"<h3 style=\"text-align: justify;\"><strong>Tres mil millones de personas vuelan cada a\u00f1o en los m\u00e1s de 35 millones de aviones que recorren m\u00e1s de 56.300 millones de kil\u00f3metros. De todos ellos, tan s\u00f3lo 224 personas han muerto. Un porcentaje m\u00ednimo que lucha contra el terrible mito del p\u00e1nico al avi\u00f3n.<\/strong><\/h3>\n<p style=\"text-align: justify;\">Pero, \u00bfy si echamos un vistazo a otro tipo de muertes y comparamos? Todos tenemos mucho menos miedo a la cama, que al avi\u00f3n. Sin embargo muchas m\u00e1s personas mueren por una ca\u00edda mientras duermen pl\u00e1cidamente en sus casas.<\/p>\n<p style=\"text-align: justify;\">M\u00e1s de 400 personas fallecieron el pasado a\u00f1o al caerse de la cama, casi el doble de las personas que perdieron la vida en un vuelo.<\/p>\n<p style=\"text-align: justify;\">\u00bfY la ba\u00f1era? 300 personas se ahogaron mientras se daban un apacible ba\u00f1o. Sin embargo, ninguno de nosotros pensamos que podr\u00edamos morir alg\u00fan d\u00eda v\u00edctima de un hipop\u00f3tamo. Sin embargo, este animal asesina a casi 3.000 personas cada doce meses&#8230;diez veces m\u00e1s que las muertes registradas a bordo de un avi\u00f3n.<\/p>\n<p style=\"text-align: justify;\">De hecho 2013 fue un a\u00f1o realmente seguro para la seguridad a\u00e9rea. Los pocos accidentes han estado protagonizados por el choque en pleno vuelo de manera accidental en Mozambique, debido a que uno de los pilotos no ten\u00eda ni licencia de vuelo.<\/p>\n<p style=\"text-align: justify;\">Informaci\u00f3n: Elintransigente.com<\/p>\n","protected":false},"excerpt":{"rendered":"<p>Tres mil millones de personas vuelan cada a\u00f1o en los m\u00e1s de 35 millones de aviones que recorren m\u00e1s de 56.300 millones de kil\u00f3metros. De todos ellos, tan s\u00f3lo 224 personas han muerto. Un porcentaje m\u00ednimo que lucha contra el terrible mito del p\u00e1nico al avi\u00f3n. Pero, \u00bfy si echamos un vistazo a otro tipo [&hellip;]<\/p>\n","protected":false},"author":9,"featured_media":11739,"comment_status":"closed","ping_status":"closed","sticky":false,"template":"","format":"standard","meta":{"_seopress_robots_primary_cat":"","_seopress_titles_title":"","_seopress_titles_desc":"","_seopress_robots_index":"","footnotes":""},"categories":[8],"tags":[26079,26078],"class_list":{"0":"post-11582","1":"post","2":"type-post","3":"status-publish","4":"format-standard","5":"has-post-thumbnail","7":"category-curiosidades","8":"tag-caerse-de-la-cama-accidentes-aereos","9":"tag-caerse-de-la-cama-mata-gente"},"_links":{"self":[{"href":"https:\/\/www.cordobatimes.com\/showup\/wp-json\/wp\/v2\/posts\/11582","targetHints":{"allow":["GET"]}}],"collection":[{"href":"https:\/\/www.cordobatimes.com\/showup\/wp-json\/wp\/v2\/posts"}],"about":[{"href":"https:\/\/www.cordobatimes.com\/showup\/wp-json\/wp\/v2\/types\/post"}],"author":[{"embeddable":true,"href":"https:\/\/www.cordobatimes.com\/showup\/wp-json\/wp\/v2\/users\/9"}],"replies":[{"embeddable":true,"href":"https:\/\/www.cordobatimes.com\/showup\/wp-json\/wp\/v2\/comments?post=11582"}],"version-history":[{"count":0,"href":"https:\/\/www.cordobatimes.com\/showup\/wp-json\/wp\/v2\/posts\/11582\/revisions"}],"wp:featuredmedia":[{"embeddable":true,"href":"https:\/\/www.cordobatimes.com\/showup\/wp-json\/wp\/v2\/media\/11739"}],"wp:attachment":[{"href":"https:\/\/www.cordobatimes.com\/showup\/wp-json\/wp\/v2\/media?parent=11582"}],"wp:term":[{"taxonomy":"category","embeddable":true,"href":"https:\/\/www.cordobatimes.com\/showup\/wp-json\/wp\/v2\/categories?post=11582"},{"taxonomy":"post_tag","embeddable":true,"href":"https:\/\/www.cordobatimes.com\/showup\/wp-json\/wp\/v2\/tags?post=11582"}],"curies":[{"name":"wp","href":"https:\/\/api.w.org\/{rel}","templated":true}]}}