{"id":11465,"date":"2014-02-09T21:32:19","date_gmt":"2014-02-10T00:32:19","guid":{"rendered":"http:\/\/cordobatimes.com\/showup\/?p=11465"},"modified":"2019-12-09T18:32:08","modified_gmt":"2019-12-09T21:32:08","slug":"invisible-lo-nuevo-de-u2-video","status":"publish","type":"post","link":"https:\/\/www.cordobatimes.com\/showup\/musica\/2014\/02\/09\/invisible-lo-nuevo-de-u2-video\/","title":{"rendered":"\u00abInvisible\u00bb lo nuevo de U2 (Video)"},"content":{"rendered":"<h3 style=\"text-align: justify;\"><strong>Los irlandeses comenzaron a difundir lo \u00faltimo que hicieron. Esta vez ofrecieron la descarga gratuita desde iTunes a partir de 3 de febrero. Vos, \u00bfYa lo viste?<\/strong><\/h3>\n<p style=\"text-align: justify;\">Este regalo de la banda forma parte de una iniciativa ben\u00e9fica seg\u00fan la cual por cada \u00abbajada\u00bb el Bank of America aportar\u00e1 un d\u00f3lar a la organizaci\u00f3n (RED), fundada en 2006 por Bono y Bobby Shriver, para luchar contra el sida. El m\u00e1ximo que la entidad aportar\u00e1 ser\u00e1 de 2 millones de d\u00f3lares.<\/p>\n<p style=\"text-align: justify;\">U2 ha hecho coincidir esta iniciativa con la celebraci\u00f3n la pasada madrugada de la Super Bowl, una de las citas de mayor audiencia en la televisi\u00f3n norteamericana, en cuyo intermedio se emiti\u00f3 un videoclip con la banda irlandesa interpretando parte de este nuevo single.<\/p>\n<p style=\"text-align: justify;\">El videoclip se rod\u00f3 \u00a0en Santa M\u00f3nica (California, Estados Unidos) y fue dirigido por Mark Romanek.<\/p>\n<p><iframe loading=\"lazy\" src=\"\/\/www.youtube.com\/embed\/hEyKdpsHKy0\" width=\"560\" height=\"315\" frameborder=\"0\" allowfullscreen=\"allowfullscreen\"><\/iframe><\/p>\n","protected":false},"excerpt":{"rendered":"<p>Los irlandeses comenzaron a difundir lo \u00faltimo que hicieron. Esta vez ofrecieron la descarga gratuita desde iTunes a partir de 3 de febrero. Vos, \u00bfYa lo viste? Este regalo de la banda forma parte de una iniciativa ben\u00e9fica seg\u00fan la cual por cada \u00abbajada\u00bb el Bank of America aportar\u00e1 un d\u00f3lar a la organizaci\u00f3n (RED), [&hellip;]<\/p>\n","protected":false},"author":9,"featured_media":11500,"comment_status":"closed","ping_status":"closed","sticky":false,"template":"","format":"standard","meta":{"_seopress_robots_primary_cat":"","_seopress_titles_title":"","_seopress_titles_desc":"","_seopress_robots_index":"","footnotes":""},"categories":[5],"tags":[26853,26854],"class_list":{"0":"post-11465","1":"post","2":"type-post","3":"status-publish","4":"format-standard","5":"has-post-thumbnail","7":"category-musica","8":"tag-canciones-de-u2","9":"tag-invisible-u2"},"_links":{"self":[{"href":"https:\/\/www.cordobatimes.com\/showup\/wp-json\/wp\/v2\/posts\/11465","targetHints":{"allow":["GET"]}}],"collection":[{"href":"https:\/\/www.cordobatimes.com\/showup\/wp-json\/wp\/v2\/posts"}],"about":[{"href":"https:\/\/www.cordobatimes.com\/showup\/wp-json\/wp\/v2\/types\/post"}],"author":[{"embeddable":true,"href":"https:\/\/www.cordobatimes.com\/showup\/wp-json\/wp\/v2\/users\/9"}],"replies":[{"embeddable":true,"href":"https:\/\/www.cordobatimes.com\/showup\/wp-json\/wp\/v2\/comments?post=11465"}],"version-history":[{"count":0,"href":"https:\/\/www.cordobatimes.com\/showup\/wp-json\/wp\/v2\/posts\/11465\/revisions"}],"wp:featuredmedia":[{"embeddable":true,"href":"https:\/\/www.cordobatimes.com\/showup\/wp-json\/wp\/v2\/media\/11500"}],"wp:attachment":[{"href":"https:\/\/www.cordobatimes.com\/showup\/wp-json\/wp\/v2\/media?parent=11465"}],"wp:term":[{"taxonomy":"category","embeddable":true,"href":"https:\/\/www.cordobatimes.com\/showup\/wp-json\/wp\/v2\/categories?post=11465"},{"taxonomy":"post_tag","embeddable":true,"href":"https:\/\/www.cordobatimes.com\/showup\/wp-json\/wp\/v2\/tags?post=11465"}],"curies":[{"name":"wp","href":"https:\/\/api.w.org\/{rel}","templated":true}]}}