{"id":11312,"date":"2014-02-07T18:19:05","date_gmt":"2014-02-07T21:19:05","guid":{"rendered":"http:\/\/cordobatimes.com\/showup\/?p=11312"},"modified":"2019-11-27T08:42:36","modified_gmt":"2019-11-27T11:42:36","slug":"jorge-rial-saludo-en-vivo-a-su-hija-morena-por-su-cumple-de-15-video","status":"publish","type":"post","link":"https:\/\/www.cordobatimes.com\/showup\/famosos\/2014\/02\/07\/jorge-rial-saludo-en-vivo-a-su-hija-morena-por-su-cumple-de-15-video\/","title":{"rendered":"Jorge Rial salud\u00f3 en vivo a su hija Morena por su cumple de 15 (Video)"},"content":{"rendered":"<h3 style=\"text-align: justify;\"><strong>El conductor de Intrusos vivi\u00f3 con emoci\u00f3n y alegr\u00eda el casi festejo de una de sus hijas. Orgulloso decidi\u00f3 dedicarle unos minutos a Morena a prop\u00f3sito de su cumplea\u00f1os n\u00famero 15 y dijo unas emocionantes palabras. Enterate todo en esta nota.\u00a0<\/strong><\/h3>\n<p style=\"text-align: justify;\">\u00abEstoy orgulloso de vos y sos mi vida, junto con Roc\u00edo y Mariana. Te amo con todo el coraz\u00f3n\u00bb.<\/p>\n<p style=\"text-align: justify;\">\u00abQuiero saludar a mi hija Morena. Ma\u00f1ana cumple 15 a\u00f1os y estoy feliz que me elijas como padre cada d\u00eda.Nos elegimos una vez y s\u00e9 que lo hac\u00e9s cada d\u00eda, como lo hiciste aquella vez que decidiste quedarte conmigo.\u00a0S\u00e9 del esfuerzo que est\u00e1s haciendo, s\u00e9 que te est\u00e1 yendo b\u00e1rbaro.\u00a0Estoy orgulloso de vos y sos mi vida, junto con Roc\u00edo y Mariana. Te amo con todo el coraz\u00f3n Morena, feliz cumplea\u00f1os y gracias por elegirme cada d\u00eda como padre. Para m\u00ed sos mi orgullo\u00bb.<\/p>\n<p><iframe loading=\"lazy\" src=\"\/\/www.youtube.com\/embed\/9dAgTDmTaNc\" width=\"420\" height=\"315\" frameborder=\"0\" allowfullscreen=\"allowfullscreen\"><\/iframe><\/p>\n<p style=\"text-align: justify;\">D\u00edas atr\u00e1s,\u00a0Morena\u00a0le hab\u00eda escrito a su pap\u00e1 en la red social: \u00ab\u00a1\u00a1Te amo, p\u00e1!! \u00a1Sos mi vida y mucho m\u00e1s! \u00a1Gracias por todo! \u00a1Vos sos un padre con todas las letras! \u00a1Te amo!\u00bb, con una foto de ambos.<\/p>\n<p style=\"text-align: justify;\">\n","protected":false},"excerpt":{"rendered":"<p>El conductor de Intrusos vivi\u00f3 con emoci\u00f3n y alegr\u00eda el casi festejo de una de sus hijas. Orgulloso decidi\u00f3 dedicarle unos minutos a Morena a prop\u00f3sito de su cumplea\u00f1os n\u00famero 15 y dijo unas emocionantes palabras. Enterate todo en esta nota.\u00a0 \u00abEstoy orgulloso de vos y sos mi vida, junto con Roc\u00edo y Mariana. Te [&hellip;]<\/p>\n","protected":false},"author":9,"featured_media":11313,"comment_status":"closed","ping_status":"closed","sticky":false,"template":"","format":"standard","meta":{"_seopress_robots_primary_cat":"","_seopress_titles_title":"","_seopress_titles_desc":"","_seopress_robots_index":"","footnotes":""},"categories":[4],"tags":[26146,26145],"class_list":{"0":"post-11312","1":"post","2":"type-post","3":"status-publish","4":"format-standard","5":"has-post-thumbnail","7":"category-famosos","8":"tag-cumpleanos-de-15-de-more-rial","9":"tag-jorge-rial-morena-rial"},"_links":{"self":[{"href":"https:\/\/www.cordobatimes.com\/showup\/wp-json\/wp\/v2\/posts\/11312","targetHints":{"allow":["GET"]}}],"collection":[{"href":"https:\/\/www.cordobatimes.com\/showup\/wp-json\/wp\/v2\/posts"}],"about":[{"href":"https:\/\/www.cordobatimes.com\/showup\/wp-json\/wp\/v2\/types\/post"}],"author":[{"embeddable":true,"href":"https:\/\/www.cordobatimes.com\/showup\/wp-json\/wp\/v2\/users\/9"}],"replies":[{"embeddable":true,"href":"https:\/\/www.cordobatimes.com\/showup\/wp-json\/wp\/v2\/comments?post=11312"}],"version-history":[{"count":0,"href":"https:\/\/www.cordobatimes.com\/showup\/wp-json\/wp\/v2\/posts\/11312\/revisions"}],"wp:featuredmedia":[{"embeddable":true,"href":"https:\/\/www.cordobatimes.com\/showup\/wp-json\/wp\/v2\/media\/11313"}],"wp:attachment":[{"href":"https:\/\/www.cordobatimes.com\/showup\/wp-json\/wp\/v2\/media?parent=11312"}],"wp:term":[{"taxonomy":"category","embeddable":true,"href":"https:\/\/www.cordobatimes.com\/showup\/wp-json\/wp\/v2\/categories?post=11312"},{"taxonomy":"post_tag","embeddable":true,"href":"https:\/\/www.cordobatimes.com\/showup\/wp-json\/wp\/v2\/tags?post=11312"}],"curies":[{"name":"wp","href":"https:\/\/api.w.org\/{rel}","templated":true}]}}