{"id":11299,"date":"2014-02-07T17:52:03","date_gmt":"2014-02-07T20:52:03","guid":{"rendered":"http:\/\/cordobatimes.com\/showup\/?p=11299"},"modified":"2019-12-09T19:24:24","modified_gmt":"2019-12-09T22:24:24","slug":"la-china-suarez-vuelve-a-la-tv","status":"publish","type":"post","link":"https:\/\/www.cordobatimes.com\/showup\/tv\/2014\/02\/07\/la-china-suarez-vuelve-a-la-tv\/","title":{"rendered":"La China Su\u00e1rez vuelve a la Tv"},"content":{"rendered":"<h3 style=\"text-align: justify;\"><strong>La flamante mam\u00e1 de Rufina\u00a0se prepara para volver a trabajar en televisi\u00f3n. <\/strong><\/h3>\n<p style=\"text-align: justify;\">A seis meses de dar a luz a \u00a0su hija con\u00a0Nicol\u00e1s Cabr\u00e9, la actriz regresa a la pantalla chica con un personaje en\u00a0\u00abCamino al amor\u00bb,\u00a0la ficci\u00f3n que protagonizar\u00e1n\u00a0Sebasti\u00e1n Estevan\u00e9z, Carina Zamipini y Juan Darth\u00e9s.<\/p>\n<p style=\"text-align: justify;\">\u00abEstoy disfrutando mucho de Rufina y quiero esperar a que sea un poco m\u00e1s grande para volver a trabajar\u00bb,\u00a0dijo Su\u00e1rez al mes de ser mam\u00e1, y sobre la posibilidad de volver, en su momento, a\u00a0\u00abSolamente vos\u00bb.<\/p>\n<p style=\"text-align: justify;\">La actriz hab\u00eda abandonado la tira de El Trece a los ocho meses de embarazo y en su personaje de la ficci\u00f3n tambi\u00e9n estaba embarazada, de manera tal que no deb\u00edan ocultarle la panza. Los \u00faltimos cap\u00edtulos de \u00abSolamente vos\u00bb, Su\u00e1rez regres\u00f3 para hacer una participaci\u00f3n especial y cerrar la historia de su personaje.<\/p>\n<p style=\"text-align: justify;\">Su hija tiene seis meses y la\u00a0China\u00a0ya planea volver a trabajar, incluso ya recibi\u00f3 el\u00a0libreto de las primeras escenas.\u00a0Ella misma se mostr\u00f3 feliz con la noticia y lo expres\u00f3 en su cuenta de\u00a0Twitter.<\/p>\n<p style=\"text-align: center;\"><a href=\"http:\/\/cordobatimes.com\/showup\/wp-content\/uploads\/2014\/02\/CHINA-DOSSS.png\"><img loading=\"lazy\" decoding=\"async\" class=\"size-full wp-image-11303 aligncenter\" src=\"http:\/\/cordobatimes.com\/showup\/wp-content\/uploads\/2014\/02\/CHINA-DOSSS.png\" alt=\"CHINA DOSSS\" width=\"579\" height=\"362\" data-id=\"11303\" srcset=\"https:\/\/www.cordobatimes.com\/showup\/wp-content\/uploads\/2014\/02\/CHINA-DOSSS.png 579w, https:\/\/www.cordobatimes.com\/showup\/wp-content\/uploads\/2014\/02\/CHINA-DOSSS-300x187.png 300w, https:\/\/www.cordobatimes.com\/showup\/wp-content\/uploads\/2014\/02\/CHINA-DOSSS-85x54.png 85w\" sizes=\"auto, (max-width: 579px) 100vw, 579px\" \/><\/a><\/p>\n","protected":false},"excerpt":{"rendered":"<p>La flamante mam\u00e1 de Rufina\u00a0se prepara para volver a trabajar en televisi\u00f3n. A seis meses de dar a luz a \u00a0su hija con\u00a0Nicol\u00e1s Cabr\u00e9, la actriz regresa a la pantalla chica con un personaje en\u00a0\u00abCamino al amor\u00bb,\u00a0la ficci\u00f3n que protagonizar\u00e1n\u00a0Sebasti\u00e1n Estevan\u00e9z, Carina Zamipini y Juan Darth\u00e9s. \u00abEstoy disfrutando mucho de Rufina y quiero esperar a [&hellip;]<\/p>\n","protected":false},"author":9,"featured_media":11301,"comment_status":"closed","ping_status":"closed","sticky":false,"template":"","format":"standard","meta":{"_seopress_robots_primary_cat":"","_seopress_titles_title":"","_seopress_titles_desc":"","_seopress_robots_index":"","footnotes":""},"categories":[2],"tags":[26147,26148],"class_list":{"0":"post-11299","1":"post","2":"type-post","3":"status-publish","4":"format-standard","5":"has-post-thumbnail","7":"category-tv","8":"tag-china-suarez-camino-al-amor","9":"tag-china-suarez-en-la-novela-camino-al-amor"},"_links":{"self":[{"href":"https:\/\/www.cordobatimes.com\/showup\/wp-json\/wp\/v2\/posts\/11299","targetHints":{"allow":["GET"]}}],"collection":[{"href":"https:\/\/www.cordobatimes.com\/showup\/wp-json\/wp\/v2\/posts"}],"about":[{"href":"https:\/\/www.cordobatimes.com\/showup\/wp-json\/wp\/v2\/types\/post"}],"author":[{"embeddable":true,"href":"https:\/\/www.cordobatimes.com\/showup\/wp-json\/wp\/v2\/users\/9"}],"replies":[{"embeddable":true,"href":"https:\/\/www.cordobatimes.com\/showup\/wp-json\/wp\/v2\/comments?post=11299"}],"version-history":[{"count":0,"href":"https:\/\/www.cordobatimes.com\/showup\/wp-json\/wp\/v2\/posts\/11299\/revisions"}],"wp:featuredmedia":[{"embeddable":true,"href":"https:\/\/www.cordobatimes.com\/showup\/wp-json\/wp\/v2\/media\/11301"}],"wp:attachment":[{"href":"https:\/\/www.cordobatimes.com\/showup\/wp-json\/wp\/v2\/media?parent=11299"}],"wp:term":[{"taxonomy":"category","embeddable":true,"href":"https:\/\/www.cordobatimes.com\/showup\/wp-json\/wp\/v2\/categories?post=11299"},{"taxonomy":"post_tag","embeddable":true,"href":"https:\/\/www.cordobatimes.com\/showup\/wp-json\/wp\/v2\/tags?post=11299"}],"curies":[{"name":"wp","href":"https:\/\/api.w.org\/{rel}","templated":true}]}}