{"id":11294,"date":"2014-02-07T12:28:46","date_gmt":"2014-02-07T15:28:46","guid":{"rendered":"http:\/\/cordobatimes.com\/showup\/?p=11294"},"modified":"2019-11-27T09:00:24","modified_gmt":"2019-11-27T12:00:24","slug":"los-tekis-y-una-carta-contra-el-cosquin","status":"publish","type":"post","link":"https:\/\/www.cordobatimes.com\/showup\/musica\/2014\/02\/07\/los-tekis-y-una-carta-contra-el-cosquin\/","title":{"rendered":"Los Tekis y una carta contra el Cosqu\u00edn"},"content":{"rendered":"<h3 style=\"text-align: justify;\"><strong>El grupo juje\u00f1o <a title=\"De otro palo: Flavio visit\u00f3 a los Tekis en Cosqu\u00edn\" href=\"http:\/\/cordobatimes.com\/showup\/musica\/2014\/01\/28\/de-otro-palo-flavio-visito-a-los-tekis-en-cosquin\/\">habl\u00f3 de los problemas que hubo con los horarios en el Festival<\/a> y de c\u00f3mo ven ellos a la organizaci\u00f3n y al evento en general. No te pierdas el an\u00e1lisis de los m\u00fasicos. Encontralo en esta nota.\u00a0<\/strong><\/h3>\n<p style=\"text-align: justify;\">Fueron muchos los grupos que cantaron muy tarde. Los Tekis fue uno de ellos y protestaron por esta situaci\u00f3n. Pero la repuesta recibida por parte de la organizaci\u00f3n fue: \u00abCosqu\u00edn es as\u00ed\u00bb.<\/p>\n<p style=\"text-align: justify;\">Por eso realizaron una dura carta que fue recibida por los organizadores y que ahora te transcribo tal cual. Recibieron disculpas pero no alcanza. Quieren un compromiso mayor con el grupo y con todos los m\u00fasicos para lograr que el evento siga creciendo.<\/p>\n<p style=\"text-align: justify;\">Te dejamos la carta.<\/p>\n<p style=\"text-align: justify;\"><strong><span style=\"text-decoration: underline;\">\u00abCosqu\u00edn es as\u00ed\u00bb<\/span><\/strong><\/p>\n<p style=\"text-align: justify;\">Una y otra vez hemos escuchado esta frase por estos d\u00edas respecto a nuestra actuaci\u00f3n en Cosqu\u00edn.<br \/>\n\u00bfQu\u00e9 significa esta frase? \u00bfDejemos todo como esta? \u00bfTodo lo hecho fue lo correcto?? O intentamos y tenemos que mejorar??<br \/>\nCreemos que hay que avanzar, hay que superarse.<br \/>\nLos Tekis, despu\u00e9s de 20 a\u00f1os de carrera, no olvidamos y siempre se reconocer\u00e1 lo que signific\u00f3 este querido Festival para nuestra proyecci\u00f3n art\u00edstica. Nuestra banda, como muchos, camin\u00f3 los eneros de Cosquin con nuestros instrumentos al hombro, bolsos cargados de sue\u00f1os y toda nuestra pasi\u00f3n por la m\u00fasica compartida con su gente.<\/p>\n<p style=\"text-align: justify;\">Esa pasi\u00f3n por lo nuestro o el destino, nos puso en este 2014 nuevamente sobre este escenario que tanto queremos, y el hecho que nuestra actuaci\u00f3n se diera en horario no pautado lo consideramos un hecho serio, que se viene repitiendo hace a\u00f1os lamentablemente y se debe corregir. No porque toquemos a las 4.35 de la madrugada, sino por lo que eso implica para los que participan de la puesta del show.<\/p>\n<p style=\"text-align: justify;\">Todos los a\u00f1os desde Cosquin se nos recalca que hagamos el esfuerzo y presentemos un show acorde a las circunstancias, a la magia de Cosquin, a su Historia. Se nos pidi\u00f3 desde que empezamos esta carrera, que seamos profesionales y francamente es el desaf\u00edo que nos moviliza siempre. El Superarnos cada d\u00eda y plantearnos nuevos objetivos.<br \/>\nLo aprendimos, lo aplicamos, a\u00f1o a a\u00f1o, show a show, tratamos de rodearnos con los mejores, con los que m\u00e1s saben. En esta ocasi\u00f3n por ejemplo participamos a Flavio Mendoza, para que conozca y viva el festival cosco\u00edno pero sobre todas las cosas quer\u00edamos su opini\u00f3n y aportes a nuestro show.<br \/>\nExiste en Los Tekis ese profesionalismo, ese compromiso y entrega al p\u00fablico, independientemente del lugar y en las circunstancias que nos toque hacerlo.<br \/>\nPero como contrapartida hoy tambi\u00e9n nosotros requerimos los mismos Valores, con nosotros los artistas y sobre todo con quien hace tanto esfuerzo por pagar su entrada, el p\u00fablico.<\/p>\n<p style=\"text-align: justify;\">Ten\u00edamos asignado el horario de la 1.30 AM. Estructuramos un show para ese horario: guionado desde la m\u00fasica, la imagen en las pantallas, la escenograf\u00eda, la puesta en escena, los fuegos, los papeles, la asistencia t\u00e9cnica. Un armado dif\u00edcil para Cosquin por los tiempos de armado en tan importante escenario. 35 personas a nuestro cargo, para montar este show invirtiendo parte nuestro cachet y ajustando condiciones en otros escenarios que, gracias a Dios, hoy invitan a los Tekis a ser parte de su fiesta.<br \/>\nDurante la noche fuimos informados de sucesivas reprogramaciones, a esa instancia nuestros invitados, nuestro equipo de trabajo y cientos de fans junto al p\u00fablico llevaban m\u00e1s de 2 horas de espera. A nosotros ninguna autoridad nos explicaba los inconvenientes y seguimos esperando<br \/>\nNos preguntamos \u00bfporque toda esta gente tiene que soportar semejante espera? Tienen los mismos derechos y profesionalismo de aquellos que siempre nos lo exigen ante cada espect\u00e1culo en Cosqu\u00edn!!<br \/>\nLa respuesta\u2026. As\u00ed es Cosqu\u00edn.<\/p>\n<p style=\"text-align: justify;\">No nos parece una respuesta l\u00f3gica.. nos parece una falta de compromiso y profesionalismo.. no nos parece acorde a la Historia de tama\u00f1a fiesta popular. Nos parece que algo debemos hacer ante aquello que pueda desprestigiar lo que tanto so\u00f1aron y construyeron Grandes figuras de nuestra cultural nacional y latinoamericana.<\/p>\n<p style=\"text-align: justify;\">Los Tekis tocan a las 4 AM, 4:30 de la madrugada.. o la 6 de la ma\u00f1ana si as\u00ed fuera pactado y cuando consideramos que ello hace a la esencia de la fiesta popular que nos convoque. Pensamos y preparamos nuestro Show para ello. Cosquin fue testigo de eso muchas veces, hicimos Cacharpaya en la plaza, tocamos en Pe\u00f1as, Balnearios y muchas veces la luna de Cosquin se hizo Sol acobij\u00e1ndonos en el r\u00edo o sus calles a las 8 de la ma\u00f1ana, pero pautado y organizados para eso.<br \/>\nPor el cari\u00f1o a este festival, a nuestros colegas artistas y particularmente al p\u00fablico, creemos que esto se puede mejorar.. se debe mejorar..<\/p>\n<p style=\"text-align: justify;\">As\u00ed es Cosquin!! Esa esa la respuesta?? Si as\u00ed fuera, debe dejar de serlo. No debe usarse para justificar lo injustificable y que puede ser corregido.<br \/>\nNosotros aportamos lo nuestro, lo art\u00edstico, arriesgamos todo el tiempo, recursos y profesionalismo. M\u00e1s all\u00e1 de gustos y preferencias porque siempre El p\u00fablico elige.. Hoy aportamos esta reflexi\u00f3n, nuestra opini\u00f3n y experiencia.<br \/>\nNos moviliza, como el primer d\u00eda que pisamos el Atahualpa Yupanqui, dejar nuestro sello cultural y un granito de arena para que Cosquin sea irrepetible a\u00f1o tras a\u00f1o.<br \/>\nTrabajamos y estamos siempre dispuestos a hacerlo de esta forma.<\/p>\n<p style=\"text-align: justify;\">LOS TEKIS<\/p>\n","protected":false},"excerpt":{"rendered":"<p>El grupo juje\u00f1o habl\u00f3 de los problemas que hubo con los horarios en el Festival y de c\u00f3mo ven ellos a la organizaci\u00f3n y al evento en general. No te pierdas el an\u00e1lisis de los m\u00fasicos. Encontralo en esta nota.\u00a0 Fueron muchos los grupos que cantaron muy tarde. Los Tekis fue uno de ellos y [&hellip;]<\/p>\n","protected":false},"author":9,"featured_media":11295,"comment_status":"closed","ping_status":"closed","sticky":false,"template":"","format":"standard","meta":{"_seopress_robots_primary_cat":"","_seopress_titles_title":"","_seopress_titles_desc":"","_seopress_robots_index":"","footnotes":""},"categories":[5],"tags":[26152,26153],"class_list":{"0":"post-11294","1":"post","2":"type-post","3":"status-publish","4":"format-standard","5":"has-post-thumbnail","7":"category-musica","8":"tag-carta-de-los-tekis-festival-de-cosquin","9":"tag-los-tekis-en-el-festival-de-cosquin"},"_links":{"self":[{"href":"https:\/\/www.cordobatimes.com\/showup\/wp-json\/wp\/v2\/posts\/11294","targetHints":{"allow":["GET"]}}],"collection":[{"href":"https:\/\/www.cordobatimes.com\/showup\/wp-json\/wp\/v2\/posts"}],"about":[{"href":"https:\/\/www.cordobatimes.com\/showup\/wp-json\/wp\/v2\/types\/post"}],"author":[{"embeddable":true,"href":"https:\/\/www.cordobatimes.com\/showup\/wp-json\/wp\/v2\/users\/9"}],"replies":[{"embeddable":true,"href":"https:\/\/www.cordobatimes.com\/showup\/wp-json\/wp\/v2\/comments?post=11294"}],"version-history":[{"count":0,"href":"https:\/\/www.cordobatimes.com\/showup\/wp-json\/wp\/v2\/posts\/11294\/revisions"}],"wp:featuredmedia":[{"embeddable":true,"href":"https:\/\/www.cordobatimes.com\/showup\/wp-json\/wp\/v2\/media\/11295"}],"wp:attachment":[{"href":"https:\/\/www.cordobatimes.com\/showup\/wp-json\/wp\/v2\/media?parent=11294"}],"wp:term":[{"taxonomy":"category","embeddable":true,"href":"https:\/\/www.cordobatimes.com\/showup\/wp-json\/wp\/v2\/categories?post=11294"},{"taxonomy":"post_tag","embeddable":true,"href":"https:\/\/www.cordobatimes.com\/showup\/wp-json\/wp\/v2\/tags?post=11294"}],"curies":[{"name":"wp","href":"https:\/\/api.w.org\/{rel}","templated":true}]}}