{"id":11197,"date":"2015-01-17T08:16:58","date_gmt":"2015-01-17T11:16:58","guid":{"rendered":"http:\/\/cordobatimes.com\/showup\/?p=11197"},"modified":"2020-02-11T21:11:47","modified_gmt":"2020-02-12T00:11:47","slug":"menu-de-sabado-pollo-cesar-con-pasta","status":"publish","type":"post","link":"https:\/\/www.cordobatimes.com\/showup\/cocina\/2015\/01\/17\/menu-de-sabado-pollo-cesar-con-pasta\/","title":{"rendered":"Pollo C\u00e9sar con pasta"},"content":{"rendered":"<h3><span style=\"text-decoration: underline;\">Ingredientes<\/span><\/h3>\n<ul>\n<li>1 cucharadita de aceite vegetal<\/li>\n<li>2 pechugas de pollo, sin piel y sin huesos<\/li>\n<li>1 taza de caldo de pollo<\/li>\n<li>1\/2 taza de agua<\/li>\n<li>1\/2 taza de pasta, el tipo que te guste.<\/li>\n<li>1\/2 bolsa de cortes de br\u00f3coli, congelados<\/li>\n<li>1\/2 pimiento rojo mediano, cortado en tiras<\/li>\n<li>2 cucharaditas de aderezo C\u00e9sar<\/li>\n<li>Una pizca de pimienta, molida<\/li>\n<\/ul>\n<h3><span style=\"text-decoration: underline;\"><strong>Instrucciones<\/strong><\/span><\/h3>\n<ul>\n<li>En una sart\u00e9n, calienta el aceite a fuego medio alto. Fr\u00ede el pollo en el aceite 10 minutos, volte\u00e1ndolo una vez, hasta que est\u00e9 dorado de ambos lados. Retira el pollo de la sart\u00e9n; mant\u00e9nlo caliente.<\/li>\n<li>A\u00f1ade con cuidado el caldo y el agua a la sart\u00e9n caliente; calienta hasta hervir. A\u00f1ade la pasta; calienta hasta hervir. Cocina sin tapar, de 8 a 10 minutos, revolviendo ocasionalmente. A\u00f1ade el br\u00f3coli, el pimiento y el aderezo (corta a la mitad cualquier pieza de br\u00f3coli grande).<\/li>\n<li>A\u00f1ade el pollo a la mezcla de pasta; espolvorea con pimienta. Calienta hasta hervir; baja la flama. Cocina a fuego lento, sin tapar 5 minutos o hasta que las verduras est\u00e9n crujientes pero tiernas y el jugo del pollo est\u00e9 claro al cortar el centro de la parte m\u00e1s gruesa.<\/li>\n<\/ul>\n<p><strong>La Cocina del C\u00f3rdoba Times.<\/strong><\/p>\n","protected":false},"excerpt":{"rendered":"<p>Ingredientes 1 cucharadita de aceite vegetal 2 pechugas de pollo, sin piel y sin huesos 1 taza de caldo de pollo 1\/2 taza de agua 1\/2 taza de pasta, el tipo que te guste. 1\/2 bolsa de cortes de br\u00f3coli, congelados 1\/2 pimiento rojo mediano, cortado en tiras 2 cucharaditas de aderezo C\u00e9sar Una pizca [&hellip;]<\/p>\n","protected":false},"author":9,"featured_media":11369,"comment_status":"closed","ping_status":"closed","sticky":false,"template":"","format":"standard","meta":{"_seopress_robots_primary_cat":"","_seopress_titles_title":"","_seopress_titles_desc":"","_seopress_robots_index":"","footnotes":""},"categories":[1,317],"tags":[29626,8394,2452,3303,2940],"class_list":{"0":"post-11197","1":"post","2":"type-post","3":"status-publish","4":"format-standard","5":"has-post-thumbnail","7":"category-cocina","8":"category-recetas","9":"tag-recetas-con-pasta","10":"tag-recetas-de-pollo","11":"tag-recetas-de-verano","12":"tag-recetas-faciles","13":"tag-recetas-rapidas"},"_links":{"self":[{"href":"https:\/\/www.cordobatimes.com\/showup\/wp-json\/wp\/v2\/posts\/11197","targetHints":{"allow":["GET"]}}],"collection":[{"href":"https:\/\/www.cordobatimes.com\/showup\/wp-json\/wp\/v2\/posts"}],"about":[{"href":"https:\/\/www.cordobatimes.com\/showup\/wp-json\/wp\/v2\/types\/post"}],"author":[{"embeddable":true,"href":"https:\/\/www.cordobatimes.com\/showup\/wp-json\/wp\/v2\/users\/9"}],"replies":[{"embeddable":true,"href":"https:\/\/www.cordobatimes.com\/showup\/wp-json\/wp\/v2\/comments?post=11197"}],"version-history":[{"count":0,"href":"https:\/\/www.cordobatimes.com\/showup\/wp-json\/wp\/v2\/posts\/11197\/revisions"}],"wp:featuredmedia":[{"embeddable":true,"href":"https:\/\/www.cordobatimes.com\/showup\/wp-json\/wp\/v2\/media\/11369"}],"wp:attachment":[{"href":"https:\/\/www.cordobatimes.com\/showup\/wp-json\/wp\/v2\/media?parent=11197"}],"wp:term":[{"taxonomy":"category","embeddable":true,"href":"https:\/\/www.cordobatimes.com\/showup\/wp-json\/wp\/v2\/categories?post=11197"},{"taxonomy":"post_tag","embeddable":true,"href":"https:\/\/www.cordobatimes.com\/showup\/wp-json\/wp\/v2\/tags?post=11197"}],"curies":[{"name":"wp","href":"https:\/\/api.w.org\/{rel}","templated":true}]}}