{"id":11193,"date":"2014-02-06T16:34:47","date_gmt":"2014-02-06T19:34:47","guid":{"rendered":"http:\/\/cordobatimes.com\/showup\/?p=11193"},"modified":"2019-11-27T21:22:48","modified_gmt":"2019-11-28T00:22:48","slug":"luli-salazar-la-cintura-mas-chiquita-del-mundo-foto","status":"publish","type":"post","link":"https:\/\/www.cordobatimes.com\/showup\/famosos\/2014\/02\/06\/luli-salazar-la-cintura-mas-chiquita-del-mundo-foto\/","title":{"rendered":"Luli Salazar: la cintura m\u00e1s chiquita del mundo (Foto)"},"content":{"rendered":"<h3 style=\"text-align: justify;\"><strong>La rubia\u00a0es una de las famosas que ama su cuerpo y siempre est\u00e1 pendiente que su figura sea perfecta, pero esta vez, sorprende porque su\u00a0cintura\u00a0cada vez es m\u00e1s\u00a0chiquita.<\/strong><\/h3>\n<p style=\"text-align: justify;\">La novia de Mart\u00edn Redrado\u00a0debe alternar sus jornadas entre gimnasio, dieta y m\u00e1s gimnasio y m\u00e1s dieta, y debido a esto, llama la atenci\u00f3n las \u00faltimas fotos.<\/p>\n<p style=\"text-align: justify;\">El torso de\u00a0Luciana Salazar\u00a0trae a la memoria\u00a0al famoso mito de la cantante mexicana Thalia, de quien se dec\u00eda que se hab\u00eda quitado las costillas para parecer m\u00e1s esbelta. Ese \u00abdato\u00bb nunca se confirm\u00f3 y de hecho, recientemente se lo preguntaron a trav\u00e9s de\u00a0Twitter.<\/p>\n<p style=\"text-align: justify;\">Luli no di\u00f3 respuestas al respecto y decidi\u00f3 mostrar c\u00f3mo se divierte con sus amigas y su estrecha cintura.<\/p>\n<p style=\"text-align: center;\"><a href=\"http:\/\/cordobatimes.com\/showup\/wp-content\/uploads\/2014\/02\/LULLIIIIII.png\"><img loading=\"lazy\" decoding=\"async\" class=\"size-full wp-image-11271 aligncenter\" src=\"http:\/\/cordobatimes.com\/showup\/wp-content\/uploads\/2014\/02\/LULLIIIIII.png\" alt=\"LULLIIIIII\" width=\"369\" height=\"568\" data-id=\"11271\" srcset=\"https:\/\/www.cordobatimes.com\/showup\/wp-content\/uploads\/2014\/02\/LULLIIIIII.png 369w, https:\/\/www.cordobatimes.com\/showup\/wp-content\/uploads\/2014\/02\/LULLIIIIII-194x300.png 194w\" sizes=\"auto, (max-width: 369px) 100vw, 369px\" \/><\/a><\/p>\n","protected":false},"excerpt":{"rendered":"<p>La rubia\u00a0es una de las famosas que ama su cuerpo y siempre est\u00e1 pendiente que su figura sea perfecta, pero esta vez, sorprende porque su\u00a0cintura\u00a0cada vez es m\u00e1s\u00a0chiquita. La novia de Mart\u00edn Redrado\u00a0debe alternar sus jornadas entre gimnasio, dieta y m\u00e1s gimnasio y m\u00e1s dieta, y debido a esto, llama la atenci\u00f3n las \u00faltimas fotos. [&hellip;]<\/p>\n","protected":false},"author":9,"featured_media":11267,"comment_status":"closed","ping_status":"closed","sticky":false,"template":"","format":"standard","meta":{"_seopress_robots_primary_cat":"","_seopress_titles_title":"","_seopress_titles_desc":"","_seopress_robots_index":"","footnotes":""},"categories":[4],"tags":[26174,26175],"class_list":{"0":"post-11193","1":"post","2":"type-post","3":"status-publish","4":"format-standard","5":"has-post-thumbnail","7":"category-famosos","8":"tag-cintura-de-luciana-salazar","9":"tag-delgadez-de-luciana-salazar"},"_links":{"self":[{"href":"https:\/\/www.cordobatimes.com\/showup\/wp-json\/wp\/v2\/posts\/11193","targetHints":{"allow":["GET"]}}],"collection":[{"href":"https:\/\/www.cordobatimes.com\/showup\/wp-json\/wp\/v2\/posts"}],"about":[{"href":"https:\/\/www.cordobatimes.com\/showup\/wp-json\/wp\/v2\/types\/post"}],"author":[{"embeddable":true,"href":"https:\/\/www.cordobatimes.com\/showup\/wp-json\/wp\/v2\/users\/9"}],"replies":[{"embeddable":true,"href":"https:\/\/www.cordobatimes.com\/showup\/wp-json\/wp\/v2\/comments?post=11193"}],"version-history":[{"count":0,"href":"https:\/\/www.cordobatimes.com\/showup\/wp-json\/wp\/v2\/posts\/11193\/revisions"}],"wp:featuredmedia":[{"embeddable":true,"href":"https:\/\/www.cordobatimes.com\/showup\/wp-json\/wp\/v2\/media\/11267"}],"wp:attachment":[{"href":"https:\/\/www.cordobatimes.com\/showup\/wp-json\/wp\/v2\/media?parent=11193"}],"wp:term":[{"taxonomy":"category","embeddable":true,"href":"https:\/\/www.cordobatimes.com\/showup\/wp-json\/wp\/v2\/categories?post=11193"},{"taxonomy":"post_tag","embeddable":true,"href":"https:\/\/www.cordobatimes.com\/showup\/wp-json\/wp\/v2\/tags?post=11193"}],"curies":[{"name":"wp","href":"https:\/\/api.w.org\/{rel}","templated":true}]}}