{"id":11122,"date":"2014-02-05T13:44:35","date_gmt":"2014-02-05T16:44:35","guid":{"rendered":"http:\/\/cordobatimes.com\/showup\/?p=11122"},"modified":"2019-11-28T09:29:01","modified_gmt":"2019-11-28T12:29:01","slug":"musica-de-cordoba-hoy-cumpliria-52-anos-gary-el-angel-del-cuarteto","status":"publish","type":"post","link":"https:\/\/www.cordobatimes.com\/showup\/musica\/2014\/02\/05\/musica-de-cordoba-hoy-cumpliria-52-anos-gary-el-angel-del-cuarteto\/","title":{"rendered":"M\u00fasica de C\u00f3rdoba: hoy cumplir\u00eda 52 a\u00f1os \u00abGary\u00bb, el \u00e1ngel del cuarteto"},"content":{"rendered":"<section>\n<h3 style=\"text-align: justify;\"><strong>Un d\u00eda como hoy pero de \u00a01962\u00a0nac\u00eda\u00a0Edgar Efra\u00edn Fuentes, reconocido en el mundo del cuarteto por su nombre art\u00edstico\u00a0\u201cGary\u201d. Fue indudablemente uno de los m\u00e1s notables cantantes que tuvo el g\u00e9nero, tanto por su voz como por su capacidad de interpretaci\u00f3n.<\/strong><\/h3>\n<p style=\"text-align: justify;\">Su desempe\u00f1o art\u00edstico lo llevo a ganar diversos reconocimientos nacionales e internacionales, lo cual refleja claramente la trascendencia alcanzada.\u00a0Sin duda, el legado que dej\u00f3 a\u00fan sigue vigente en cantantes, m\u00fasicos y bailarines de nuestra m\u00fasica.<\/p>\n<p style=\"text-align: justify;\">Su trayectoria art\u00edstica profesional abarc\u00f3 16 a\u00f1os. Durante ese per\u00edodo cosech\u00f3 11 discos de oro, 9 de platino y varios dobles platinos. Durante sus 10 a\u00f1os de solista alcanz\u00f3 la cifra de 10 millones de discos vendidos.<\/p>\n<p style=\"text-align: justify;\">Querido por miles y extra\u00f1ado por muchos m\u00e1s, falleci\u00f3 el viernes 9 de noviembre del a\u00f1o 2001, a los 39 a\u00f1os de edad, por un paro cardio respiratorio.<\/p>\n<p style=\"text-align: justify;\">Con posterioridad a su muerte la empresa discogr\u00e1fica ha editado numerosas recopilaciones de las canciones de Gary. A fines de 2007 sali\u00f3 a la venta un DVD con videoclips de las canciones y un documental sobre su vida.<\/p>\n<p style=\"text-align: justify;\">Te dejamos un video para recordar a este grande del cuarteto en el mejor lugar donde pod\u00eda estar: el escenario.<\/p>\n<p style=\"text-align: justify;\">\n<\/section>\n<p><iframe loading=\"lazy\" src=\"\/\/www.youtube.com\/embed\/BAqp8HTjBNY\" width=\"420\" height=\"315\" frameborder=\"0\" allowfullscreen=\"allowfullscreen\"><\/iframe><\/p>\n","protected":false},"excerpt":{"rendered":"<p>Un d\u00eda como hoy pero de \u00a01962\u00a0nac\u00eda\u00a0Edgar Efra\u00edn Fuentes, reconocido en el mundo del cuarteto por su nombre art\u00edstico\u00a0\u201cGary\u201d. Fue indudablemente uno de los m\u00e1s notables cantantes que tuvo el g\u00e9nero, tanto por su voz como por su capacidad de interpretaci\u00f3n. Su desempe\u00f1o art\u00edstico lo llevo a ganar diversos reconocimientos nacionales e internacionales, lo cual [&hellip;]<\/p>\n","protected":false},"author":9,"featured_media":11123,"comment_status":"closed","ping_status":"closed","sticky":false,"template":"","format":"standard","meta":{"_seopress_robots_primary_cat":"","_seopress_titles_title":"","_seopress_titles_desc":"","_seopress_robots_index":"","footnotes":""},"categories":[5],"tags":[26193,26194],"class_list":{"0":"post-11122","1":"post","2":"type-post","3":"status-publish","4":"format-standard","5":"has-post-thumbnail","7":"category-musica","8":"tag-gary-el-angel-del-cuarteto","9":"tag-cumpleanos-de-gary"},"_links":{"self":[{"href":"https:\/\/www.cordobatimes.com\/showup\/wp-json\/wp\/v2\/posts\/11122","targetHints":{"allow":["GET"]}}],"collection":[{"href":"https:\/\/www.cordobatimes.com\/showup\/wp-json\/wp\/v2\/posts"}],"about":[{"href":"https:\/\/www.cordobatimes.com\/showup\/wp-json\/wp\/v2\/types\/post"}],"author":[{"embeddable":true,"href":"https:\/\/www.cordobatimes.com\/showup\/wp-json\/wp\/v2\/users\/9"}],"replies":[{"embeddable":true,"href":"https:\/\/www.cordobatimes.com\/showup\/wp-json\/wp\/v2\/comments?post=11122"}],"version-history":[{"count":0,"href":"https:\/\/www.cordobatimes.com\/showup\/wp-json\/wp\/v2\/posts\/11122\/revisions"}],"wp:featuredmedia":[{"embeddable":true,"href":"https:\/\/www.cordobatimes.com\/showup\/wp-json\/wp\/v2\/media\/11123"}],"wp:attachment":[{"href":"https:\/\/www.cordobatimes.com\/showup\/wp-json\/wp\/v2\/media?parent=11122"}],"wp:term":[{"taxonomy":"category","embeddable":true,"href":"https:\/\/www.cordobatimes.com\/showup\/wp-json\/wp\/v2\/categories?post=11122"},{"taxonomy":"post_tag","embeddable":true,"href":"https:\/\/www.cordobatimes.com\/showup\/wp-json\/wp\/v2\/tags?post=11122"}],"curies":[{"name":"wp","href":"https:\/\/api.w.org\/{rel}","templated":true}]}}