{"id":110886,"date":"2026-05-01T11:09:50","date_gmt":"2026-05-01T14:09:50","guid":{"rendered":"https:\/\/www.cordobatimes.com\/showup\/?p=110886"},"modified":"2026-05-01T11:09:50","modified_gmt":"2026-05-01T14:09:50","slug":"para-que-voy-a-ir-estoy-cansada-voy-a-tratar-de-no-ir","status":"publish","type":"post","link":"https:\/\/www.cordobatimes.com\/showup\/famosos\/2026\/05\/01\/para-que-voy-a-ir-estoy-cansada-voy-a-tratar-de-no-ir\/","title":{"rendered":"Para qu\u00e9 voy a ir? Estoy cansada, voy a tratar de no ir\u00bb"},"content":{"rendered":"<p>El audio en el que Susana Gim\u00e9nez le confirma a \u00c1ngel de Brito que no asistir\u00e1 al Martin Fierro<\/p>\n<div style=\"width: 648px;\" class=\"wp-video\"><video class=\"wp-video-shortcode\" id=\"video-110886-1\" width=\"648\" height=\"360\" preload=\"metadata\" controls=\"controls\"><source type=\"video\/mp4\" src=\"http:\/\/www.cordobatimes.com\/showup\/wp-content\/uploads\/2026\/05\/ssstwitter.com_1777631863820.mp4?_=1\" \/><a href=\"http:\/\/www.cordobatimes.com\/showup\/wp-content\/uploads\/2026\/05\/ssstwitter.com_1777631863820.mp4\">http:\/\/www.cordobatimes.com\/showup\/wp-content\/uploads\/2026\/05\/ssstwitter.com_1777631863820.mp4<\/a><\/video><\/div>\n","protected":false},"excerpt":{"rendered":"<p>El audio en el que Susana Gim\u00e9nez le confirma a \u00c1ngel de Brito que no asistir\u00e1 al Martin Fierro<\/p>\n","protected":false},"author":24,"featured_media":110889,"comment_status":"closed","ping_status":"closed","sticky":false,"template":"","format":"standard","meta":{"_seopress_robots_primary_cat":"none","_seopress_titles_title":"","_seopress_titles_desc":"","_seopress_robots_index":"","footnotes":""},"categories":[4],"tags":[42651,42650,42652,42653],"class_list":{"0":"post-110886","1":"post","2":"type-post","3":"status-publish","4":"format-standard","5":"has-post-thumbnail","7":"category-famosos","8":"tag-audio-susana-gimenez","9":"tag-audio-susana-gimenez-martin-fierro","10":"tag-audio-susana-jimenez-angel-de-brito","11":"tag-susana-gimenez-martin-fierro"},"_links":{"self":[{"href":"https:\/\/www.cordobatimes.com\/showup\/wp-json\/wp\/v2\/posts\/110886","targetHints":{"allow":["GET"]}}],"collection":[{"href":"https:\/\/www.cordobatimes.com\/showup\/wp-json\/wp\/v2\/posts"}],"about":[{"href":"https:\/\/www.cordobatimes.com\/showup\/wp-json\/wp\/v2\/types\/post"}],"author":[{"embeddable":true,"href":"https:\/\/www.cordobatimes.com\/showup\/wp-json\/wp\/v2\/users\/24"}],"replies":[{"embeddable":true,"href":"https:\/\/www.cordobatimes.com\/showup\/wp-json\/wp\/v2\/comments?post=110886"}],"version-history":[{"count":3,"href":"https:\/\/www.cordobatimes.com\/showup\/wp-json\/wp\/v2\/posts\/110886\/revisions"}],"predecessor-version":[{"id":110893,"href":"https:\/\/www.cordobatimes.com\/showup\/wp-json\/wp\/v2\/posts\/110886\/revisions\/110893"}],"wp:featuredmedia":[{"embeddable":true,"href":"https:\/\/www.cordobatimes.com\/showup\/wp-json\/wp\/v2\/media\/110889"}],"wp:attachment":[{"href":"https:\/\/www.cordobatimes.com\/showup\/wp-json\/wp\/v2\/media?parent=110886"}],"wp:term":[{"taxonomy":"category","embeddable":true,"href":"https:\/\/www.cordobatimes.com\/showup\/wp-json\/wp\/v2\/categories?post=110886"},{"taxonomy":"post_tag","embeddable":true,"href":"https:\/\/www.cordobatimes.com\/showup\/wp-json\/wp\/v2\/tags?post=110886"}],"curies":[{"name":"wp","href":"https:\/\/api.w.org\/{rel}","templated":true}]}}