{"id":110876,"date":"2026-05-01T10:36:52","date_gmt":"2026-05-01T13:36:52","guid":{"rendered":"https:\/\/www.cordobatimes.com\/showup\/?p=110876"},"modified":"2026-05-01T10:36:52","modified_gmt":"2026-05-01T13:36:52","slug":"netflix-prepara-un-documental-intimo-sobre-gustavo-cerati-el-primer-adelanto-anticipa-un-retrato-inedito","status":"publish","type":"post","link":"https:\/\/www.cordobatimes.com\/showup\/cine-y-series\/2026\/05\/01\/netflix-prepara-un-documental-intimo-sobre-gustavo-cerati-el-primer-adelanto-anticipa-un-retrato-inedito\/","title":{"rendered":"Netflix prepara un documental \u00edntimo sobre Gustavo Cerati: el primer adelanto anticipa un retrato in\u00e9dito"},"content":{"rendered":"<h3 data-start=\"110\" data-end=\"484\"><strong>La figura de <span class=\"hover:entity-accent entity-underline inline cursor-pointer align-baseline\"><span class=\"whitespace-normal\">Gustavo Cerati<\/span><\/span> vuelve al centro de la escena con un proyecto que promete emocionar a fans de todas las generaciones. <span class=\"hover:entity-accent entity-underline inline cursor-pointer align-baseline\"><span class=\"whitespace-normal\">Netflix<\/span><\/span> confirm\u00f3 el desarrollo de un documental original sobre el ex l\u00edder de <span class=\"hover:entity-accent entity-underline inline cursor-pointer align-baseline\"><span class=\"whitespace-normal\">Soda Stereo<\/span><\/span>, cuyo estreno est\u00e1 previsto para 2027 y que ya present\u00f3 su primer adelanto.<\/strong><\/h3>\n<p data-start=\"486\" data-end=\"833\">Lejos de las biograf\u00edas tradicionales, la propuesta se define como un retrato \u00edntimo que busca explorar las zonas m\u00e1s silenciosas y humanas del artista. Seg\u00fan se adelant\u00f3, el documental se construye a partir de testimonios exclusivos y material in\u00e9dito, con el objetivo de mostrar una faceta poco conocida de Cerati: la del hombre detr\u00e1s del mito.<\/p>\n<p data-start=\"835\" data-end=\"1392\">El proyecto contar\u00e1 con acceso a archivos personales nunca antes vistos, incluyendo registros audiovisuales y documentos que recorren distintos momentos de su vida y carrera. A esto se suman entrevistas con personas clave de su entorno m\u00e1s cercano, entre ellas sus hist\u00f3ricos compa\u00f1eros de banda, <span class=\"hover:entity-accent entity-underline inline cursor-pointer align-baseline\"><span class=\"whitespace-normal\">Zeta Bosio<\/span><\/span> y <span class=\"hover:entity-accent entity-underline inline cursor-pointer align-baseline\"><span class=\"whitespace-normal\">Charly Alberti<\/span><\/span>, adem\u00e1s de la participaci\u00f3n de su familia. En ese sentido, Laura Cerati \u2014hermana del m\u00fasico\u2014 se desempe\u00f1a como productora asociada, aportando una mirada directa y personal al relato.<\/p>\n<p data-start=\"1394\" data-end=\"1726\">La direcci\u00f3n est\u00e1 a cargo de <span class=\"hover:entity-accent entity-underline inline cursor-pointer align-baseline\"><span class=\"whitespace-normal\">Picky Talarico<\/span><\/span> y <span class=\"hover:entity-accent entity-underline inline cursor-pointer align-baseline\"><span class=\"whitespace-normal\">Andy Fogwill<\/span><\/span>, realizadores que trabajaron con Cerati en distintos momentos de su carrera. Este v\u00ednculo previo aparece como una de las claves del proyecto, que apunta a construir una narrativa cercana, respetuosa y profundamente emocional.<\/p>\n<p data-start=\"1728\" data-end=\"1938\">Producido por la compa\u00f1\u00eda <span class=\"hover:entity-accent entity-underline inline cursor-pointer align-baseline\"><span class=\"whitespace-normal\">Landia<\/span><\/span> en conjunto con Netflix, el documental forma parte de la creciente apuesta de la plataforma por contenidos latinoamericanos con proyecci\u00f3n global.<\/p>\n<p data-start=\"1940\" data-end=\"2268\">M\u00e1s que repasar su historia de manera lineal, la pel\u00edcula buscar\u00e1 reconstruir la esencia creativa y emocional de Cerati a trav\u00e9s de fragmentos, recuerdos y sensaciones. Una propuesta que invita no solo a revisitar su legado musical, sino tambi\u00e9n a redescubrir su sensibilidad art\u00edstica desde una perspectiva completamente nueva.<\/p>\n<p data-start=\"2270\" data-end=\"2520\" data-is-last-node=\"\" data-is-only-node=\"\">Con este primer adelanto, la expectativa ya est\u00e1 instalada. Y todo indica que en 2027 el p\u00fablico se encontrar\u00e1 con una obra que no solo celebrar\u00e1 la vida de uno de los \u00edconos del rock en espa\u00f1ol, sino que tambi\u00e9n permitir\u00e1 conocerlo como nunca<\/p>\n<div style=\"width: 640px;\" class=\"wp-video\"><video class=\"wp-video-shortcode\" id=\"video-110876-1\" width=\"640\" height=\"360\" preload=\"metadata\" controls=\"controls\"><source type=\"video\/mp4\" src=\"http:\/\/www.cordobatimes.com\/showup\/wp-content\/uploads\/2026\/05\/ssstwitter.com_1777640852734.mp4?_=1\" \/><a href=\"http:\/\/www.cordobatimes.com\/showup\/wp-content\/uploads\/2026\/05\/ssstwitter.com_1777640852734.mp4\">http:\/\/www.cordobatimes.com\/showup\/wp-content\/uploads\/2026\/05\/ssstwitter.com_1777640852734.mp4<\/a><\/video><\/div>\n<p data-start=\"2270\" data-end=\"2520\" data-is-last-node=\"\" data-is-only-node=\"\">antes.<\/p>\n","protected":false},"excerpt":{"rendered":"<p>La figura de Gustavo Cerati vuelve al centro de la escena con un proyecto que promete emocionar a fans de todas las generaciones. Netflix confirm\u00f3 el desarrollo de un documental original sobre el ex l\u00edder de Soda Stereo, cuyo estreno est\u00e1 previsto para 2027 y que ya present\u00f3 su primer adelanto. Lejos de las biograf\u00edas [&hellip;]<\/p>\n","protected":false},"author":24,"featured_media":110879,"comment_status":"closed","ping_status":"closed","sticky":false,"template":"","format":"standard","meta":{"_seopress_robots_primary_cat":"none","_seopress_titles_title":"","_seopress_titles_desc":"","_seopress_robots_index":"","footnotes":""},"categories":[3],"tags":[42648,42649],"class_list":{"0":"post-110876","1":"post","2":"type-post","3":"status-publish","4":"format-standard","5":"has-post-thumbnail","7":"category-cine-y-series","8":"tag-documental-de-gustavo-cerati","9":"tag-documental-gustavo-cerati-netflix"},"_links":{"self":[{"href":"https:\/\/www.cordobatimes.com\/showup\/wp-json\/wp\/v2\/posts\/110876","targetHints":{"allow":["GET"]}}],"collection":[{"href":"https:\/\/www.cordobatimes.com\/showup\/wp-json\/wp\/v2\/posts"}],"about":[{"href":"https:\/\/www.cordobatimes.com\/showup\/wp-json\/wp\/v2\/types\/post"}],"author":[{"embeddable":true,"href":"https:\/\/www.cordobatimes.com\/showup\/wp-json\/wp\/v2\/users\/24"}],"replies":[{"embeddable":true,"href":"https:\/\/www.cordobatimes.com\/showup\/wp-json\/wp\/v2\/comments?post=110876"}],"version-history":[{"count":5,"href":"https:\/\/www.cordobatimes.com\/showup\/wp-json\/wp\/v2\/posts\/110876\/revisions"}],"predecessor-version":[{"id":110885,"href":"https:\/\/www.cordobatimes.com\/showup\/wp-json\/wp\/v2\/posts\/110876\/revisions\/110885"}],"wp:featuredmedia":[{"embeddable":true,"href":"https:\/\/www.cordobatimes.com\/showup\/wp-json\/wp\/v2\/media\/110879"}],"wp:attachment":[{"href":"https:\/\/www.cordobatimes.com\/showup\/wp-json\/wp\/v2\/media?parent=110876"}],"wp:term":[{"taxonomy":"category","embeddable":true,"href":"https:\/\/www.cordobatimes.com\/showup\/wp-json\/wp\/v2\/categories?post=110876"},{"taxonomy":"post_tag","embeddable":true,"href":"https:\/\/www.cordobatimes.com\/showup\/wp-json\/wp\/v2\/tags?post=110876"}],"curies":[{"name":"wp","href":"https:\/\/api.w.org\/{rel}","templated":true}]}}