{"id":110866,"date":"2026-04-30T11:37:00","date_gmt":"2026-04-30T14:37:00","guid":{"rendered":"https:\/\/www.cordobatimes.com\/showup\/?p=110866"},"modified":"2026-04-30T11:37:00","modified_gmt":"2026-04-30T14:37:00","slug":"doble-vara-en-la-justicia-por-que-konstantin-rudnev-sigue-detenido-mientras-otros-imputados-estan-libres","status":"publish","type":"post","link":"https:\/\/www.cordobatimes.com\/showup\/sociales\/2026\/04\/30\/doble-vara-en-la-justicia-por-que-konstantin-rudnev-sigue-detenido-mientras-otros-imputados-estan-libres\/","title":{"rendered":"Doble vara en la Justicia: \u00bfpor qu\u00e9 Konstantin Rudnev sigue detenido mientras otros imputados est\u00e1n libres?"},"content":{"rendered":"<p data-start=\"645\" data-end=\"1134\">En marzo de 2025, varios ciudadanos rusos fueron detenidos en San Carlos de Bariloche y en el aeropuerto de Buenos Aires bajo sospecha de trata de personas. Entre ellos se encontraba Konstantin Rudnev, se\u00f1alado por la fiscal\u00eda como una figura central dentro de una supuesta organizaci\u00f3n. Sin embargo, m\u00e1s de un a\u00f1o despu\u00e9s, su situaci\u00f3n procesal abre una pregunta inc\u00f3moda: \u00bfpor qu\u00e9 \u00e9l contin\u00faa privado de su libertad mientras otros involucrados fueron excarcelados bajo cauci\u00f3n juratoria?<\/p>\n<p data-start=\"1136\" data-end=\"1474\">La defensa de Rudnev sostiene que el caso exhibe una evidente doble vara. Seg\u00fan ese planteo, otros imputados conservan sus pasaportes, circulan libremente por el pa\u00eds y solo deben presentarse cada quince d\u00edas ante la autoridad policial. En cambio, Rudnev contin\u00faa sometido a la medida m\u00e1s gravosa del proceso penal: la prisi\u00f3n preventiva.<\/p>\n<p data-start=\"1476\" data-end=\"1824\"><a class=\"decorated-link\" href=\"https:\/\/bitterwinter.org\/la-saga-de-ashram-shambhala-1-quien-es-konstantin-rudnev\/\" target=\"_blank\" rel=\"noopener\" data-start=\"1476\" data-end=\"1600\">Si la fiscal\u00eda alega \u00abriesgo de fuga\u00bb,<\/a> ese riesgo deber\u00eda evaluarse con el mismo criterio para todos los imputados. De lo contrario, la decisi\u00f3n deja de parecer una medida cautelar objetiva y empieza a tomar la forma de un trato selectivo hacia una sola persona.<\/p>\n<p data-start=\"1826\" data-end=\"2139\">La postura de la defensa es contundente: afirma que no existe una sola prueba directa contra Konstantin Rudnev. Sostiene que no conoce a la presunta v\u00edctima, que no tiene v\u00ednculo alguno con ella, que no alquil\u00f3 viviendas ni veh\u00edculos, que no lider\u00f3 ninguna organizaci\u00f3n y que no realiz\u00f3 ninguna actividad il\u00edcita.<\/p>\n<p data-start=\"2141\" data-end=\"2523\">Uno de los puntos m\u00e1s cuestionados es el de los medicamentos hallados durante el procedimiento. Seg\u00fan el planteo defensivo, esos comprimidos fueron presentados inicialmente como si se tratara de estupefacientes, pero en realidad ser\u00edan medicamentos de farmacia y, adem\u00e1s, habr\u00edan sido encontrados en la valija de otra persona detenida en el aeropuerto, no en pertenencias de Rudnev.<\/p>\n<p data-start=\"2525\" data-end=\"2600\">A pesar de ello, la fiscal\u00eda insiste en mantenerlo bajo prisi\u00f3n preventiva.<\/p>\n<p data-start=\"2602\" data-end=\"2928\">Durante m\u00e1s de un a\u00f1o de instrucci\u00f3n, seg\u00fan la defensa, no se habr\u00eda hallado ninguna prueba concreta de participaci\u00f3n personal. Los dispositivos electr\u00f3nicos secuestrados \u2014tel\u00e9fonos, computadoras y otros equipos\u2014 tampoco pertenecer\u00edan a Rudnev. Su nombre no figurar\u00eda en ellos y no habr\u00eda constancia de que los haya utilizado.<\/p>\n<p data-start=\"2930\" data-end=\"3301\">Sin embargo, la pericia sobre esos dispositivos contin\u00faa siendo utilizada como argumento para extender la investigaci\u00f3n y justificar la continuidad de su detenci\u00f3n. All\u00ed aparece otra pregunta central: si los equipos no le pertenecen, si no hay chats, llamadas, directivas ni rastros de mando, \u00bfpor qu\u00e9 esa prueba sigue funcionando como excusa para mantenerlo encarcelado?<\/p>\n<p data-start=\"3303\" data-end=\"3718\">El contraste con los dem\u00e1s imputados agrava las dudas. De acuerdo con la defensa, los contratos de alquiler de casas y veh\u00edculos fueron realizados por otras personas. El nombre de Konstantin no figura en esa documentaci\u00f3n. Tambi\u00e9n se remarca que otros detenidos \u2014entre ellos una traductora y una amiga de la madre de la presunta v\u00edctima\u2014 s\u00ed conoc\u00edan a la joven involucrada en la causa. Rudnev, seg\u00fan su defensa, no.<\/p>\n<p data-start=\"3720\" data-end=\"3916\">Lo mismo ocurre con el hallazgo de pastillas. Los comprimidos fueron encontrados en la valija de otra ciudadana rusa detenida en el aeropuerto. Aun as\u00ed, Rudnev es quien soporta la medida m\u00e1s dura.<\/p>\n<p data-start=\"3918\" data-end=\"4245\">Todas esas personas, seg\u00fan el planteo del brief, se encuentran en libertad. Se les atribuyen actos, objetos o v\u00ednculos bajo su responsabilidad directa, pero no permanecen encarceladas. A Konstantin, en cambio, se le intenta adjudicar una responsabilidad por hechos y circunstancias que, seg\u00fan la defensa, pertenecen a terceros.<\/p>\n<p data-start=\"4247\" data-end=\"4396\">Ese es el n\u00facleo de la denuncia: la acusaci\u00f3n parecer\u00eda construirse a partir de elementos ajenos, sin una prueba personal, directa e individualizada.<\/p>\n<p data-start=\"4398\" data-end=\"4737\">La imputaci\u00f3n de liderar una \u201corganizaci\u00f3n\u201d tambi\u00e9n es cuestionada. La defensa sostiene que en el tel\u00e9fono de Rudnev no hay chats, llamadas, \u00f3rdenes ni instrucciones que permitan hablar de conducci\u00f3n o mando. Tampoco existir\u00edan testimonios en su contra ni evidencia material que demuestre la existencia de esa supuesta estructura criminal.<\/p>\n<p data-start=\"4739\" data-end=\"5082\">Adem\u00e1s, se remarca que no existen causas penales contra esa presunta organizaci\u00f3n en ning\u00fan otro pa\u00eds del mundo. Para la defensa, los fiscales hablan de \u201csupuestas pruebas\u201d, pero despu\u00e9s de un a\u00f1o de investigaci\u00f3n no habr\u00edan presentado una sola evidencia directa ante el juzgado que vincule personalmente a Rudnev con los delitos investigados.<\/p>\n<p data-start=\"5084\" data-end=\"5417\">El pedido de una nueva pr\u00f3rroga de la prisi\u00f3n preventiva profundiza el cuestionamiento. \u00bfPor qu\u00e9 pedir un a\u00f1o m\u00e1s si durante el a\u00f1o anterior no se logr\u00f3 producir una prueba concluyente? Para la defensa, la causa se encuentra estancada. No habr\u00eda surgido ninguna prueba nueva y varios de los indicios iniciales habr\u00edan sido refutados.<\/p>\n<p data-start=\"5419\" data-end=\"5626\">En ese marco, la prisi\u00f3n preventiva deja de verse como una herramienta procesal excepcional y empieza a parecer una pena anticipada sin condena. Pedir m\u00e1s tiempo no ser\u00eda investigar, sino dilatar el proceso.<\/p>\n<p data-start=\"5628\" data-end=\"5970\">El caso tambi\u00e9n vuelve a poner en discusi\u00f3n un problema estructural del sistema judicial argentino: el abuso de la prisi\u00f3n preventiva. Organismos internacionales han advertido en reiteradas oportunidades que esta pr\u00e1ctica, cuando se aplica de manera prematura o arbitraria, afecta derechos fundamentales y sobrecarga el sistema penitenciario.<\/p>\n<p data-start=\"5972\" data-end=\"6345\">La Comisi\u00f3n Interamericana de Derechos Humanos viene se\u00f1alando desde hace d\u00e9cadas que el uso excesivo de la prisi\u00f3n preventiva es uno de los s\u00edntomas m\u00e1s graves del fracaso del sistema penal en la regi\u00f3n. En Argentina, una parte significativa de la poblaci\u00f3n carcelaria permanece detenida sin condena firme, lo que convierte una medida excepcional en una pr\u00e1ctica habitual.<\/p>\n<p data-start=\"6347\" data-end=\"6776\">La legislaci\u00f3n procesal tambi\u00e9n exige priorizar medidas cautelares menos gravosas. La prisi\u00f3n preventiva deber\u00eda ser la \u00faltima ratio, no la primera respuesta del Estado. Si una persona puede estar sometida al proceso mediante presentaciones peri\u00f3dicas, cauciones, restricciones de salida del pa\u00eds o arresto domiciliario, el encierro carcelario deber\u00eda estar reservado para casos donde exista un riesgo concreto, actual y probado.<\/p>\n<p data-start=\"6778\" data-end=\"7048\">El problema, en este expediente, es que ese criterio no parece aplicarse de manera uniforme. Si varios imputados extranjeros pudieron quedar en libertad bajo reglas de control, \u00bfpor qu\u00e9 Rudnev no? \u00bfQu\u00e9 elemento espec\u00edfico, directo y personal justifica un trato distinto?<\/p>\n<p data-start=\"7050\" data-end=\"7324\">La defensa tambi\u00e9n denuncia un componente de estigmatizaci\u00f3n. Seg\u00fan ese planteo, ninguna acusaci\u00f3n contra Konstantin ha sido probada, pero parte de la cobertura medi\u00e1tica habr\u00eda difundido afirmaciones sensacionalistas que construyen una imagen condenatoria antes del juicio.<\/p>\n<p data-start=\"7326\" data-end=\"7747\">En ese contexto, se advierte que algunos medios locales habr\u00edan difundido acusaciones falsas, <a class=\"decorated-link\" href=\"https:\/\/bitterwinter.org\/la-saga-de-ashram-shambhala-2-un-marco-metafisico\/\" target=\"_blank\" rel=\"noopener\" data-start=\"7420\" data-end=\"7543\">fomentando la rusofobia y la discriminaci\u00f3n.<\/a> El riesgo de ese tratamiento es evidente: cuando la opini\u00f3n p\u00fablica se moldea con titulares impactantes y prejuicios de nacionalidad, los jueces y fiscales pueden quedar sometidos a una presi\u00f3n indebida.<\/p>\n<p data-start=\"7749\" data-end=\"8051\">La Justicia debe investigar delitos graves con firmeza. La trata de personas, la explotaci\u00f3n y cualquier forma de sometimiento requieren una respuesta seria del Estado. Pero esa obligaci\u00f3n no habilita a vulnerar garant\u00edas b\u00e1sicas ni a sostener una prisi\u00f3n preventiva sin pruebas personales suficientes.<\/p>\n<p data-start=\"8053\" data-end=\"8407\">El principio de inocencia no es una formalidad. Es una garant\u00eda esencial frente al poder punitivo del Estado. Sin pruebas directas, sin testimonios concretos, sin elementos materiales individualizados y sin una explicaci\u00f3n clara sobre el trato desigual respecto de los dem\u00e1s imputados, la detenci\u00f3n de Rudnev se vuelve cada vez m\u00e1s dif\u00edcil de justificar.<\/p>\n<p data-start=\"8409\" data-end=\"8775\">Este caso no solo interpela a una fiscal\u00eda o a un juzgado. Interpela al sistema judicial argentino en su conjunto. \u00bfSe investiga con objetividad o se sostiene una hip\u00f3tesis a cualquier costo? \u00bfSe aplican las mismas reglas para todos o se elige a una persona como s\u00edmbolo del expediente? \u00bfLa prisi\u00f3n preventiva asegura el proceso o se convierte en castigo anticipado?<\/p>\n<p data-start=\"8777\" data-end=\"8863\">La pregunta sigue abierta: \u00bfpor qu\u00e9 la Justicia aplica reglas distintas en esta causa?<\/p>\n<p data-start=\"8865\" data-end=\"9150\" data-is-last-node=\"\" data-is-only-node=\"\">Mientras la fiscal\u00eda no presente pruebas reales, concretas y directas contra Konstantin Rudnev, su detenci\u00f3n seguir\u00e1 apareciendo, para la defensa, no como una necesidad judicial, sino como una violaci\u00f3n de est\u00e1ndares internacionales de derechos humanos y del principio de juicio justo.<\/p>\n","protected":false},"excerpt":{"rendered":"<p>En marzo de 2025, varios ciudadanos rusos fueron detenidos en San Carlos de Bariloche y en el aeropuerto de Buenos Aires bajo sospecha de trata de personas. Entre ellos se encontraba Konstantin Rudnev, se\u00f1alado por la fiscal\u00eda como una figura central dentro de una supuesta organizaci\u00f3n. Sin embargo, m\u00e1s de un a\u00f1o despu\u00e9s, su situaci\u00f3n [&hellip;]<\/p>\n","protected":false},"author":1,"featured_media":110869,"comment_status":"closed","ping_status":"closed","sticky":false,"template":"","format":"standard","meta":{"_seopress_robots_primary_cat":"none","_seopress_titles_title":"","_seopress_titles_desc":"","_seopress_robots_index":"","footnotes":""},"categories":[16638],"tags":[],"class_list":{"0":"post-110866","1":"post","2":"type-post","3":"status-publish","4":"format-standard","5":"has-post-thumbnail","7":"category-sociales"},"_links":{"self":[{"href":"https:\/\/www.cordobatimes.com\/showup\/wp-json\/wp\/v2\/posts\/110866","targetHints":{"allow":["GET"]}}],"collection":[{"href":"https:\/\/www.cordobatimes.com\/showup\/wp-json\/wp\/v2\/posts"}],"about":[{"href":"https:\/\/www.cordobatimes.com\/showup\/wp-json\/wp\/v2\/types\/post"}],"author":[{"embeddable":true,"href":"https:\/\/www.cordobatimes.com\/showup\/wp-json\/wp\/v2\/users\/1"}],"replies":[{"embeddable":true,"href":"https:\/\/www.cordobatimes.com\/showup\/wp-json\/wp\/v2\/comments?post=110866"}],"version-history":[{"count":1,"href":"https:\/\/www.cordobatimes.com\/showup\/wp-json\/wp\/v2\/posts\/110866\/revisions"}],"predecessor-version":[{"id":110870,"href":"https:\/\/www.cordobatimes.com\/showup\/wp-json\/wp\/v2\/posts\/110866\/revisions\/110870"}],"wp:featuredmedia":[{"embeddable":true,"href":"https:\/\/www.cordobatimes.com\/showup\/wp-json\/wp\/v2\/media\/110869"}],"wp:attachment":[{"href":"https:\/\/www.cordobatimes.com\/showup\/wp-json\/wp\/v2\/media?parent=110866"}],"wp:term":[{"taxonomy":"category","embeddable":true,"href":"https:\/\/www.cordobatimes.com\/showup\/wp-json\/wp\/v2\/categories?post=110866"},{"taxonomy":"post_tag","embeddable":true,"href":"https:\/\/www.cordobatimes.com\/showup\/wp-json\/wp\/v2\/tags?post=110866"}],"curies":[{"name":"wp","href":"https:\/\/api.w.org\/{rel}","templated":true}]}}