{"id":110859,"date":"2026-04-30T09:53:09","date_gmt":"2026-04-30T12:53:09","guid":{"rendered":"https:\/\/www.cordobatimes.com\/showup\/?p=110859"},"modified":"2026-04-30T09:53:09","modified_gmt":"2026-04-30T12:53:09","slug":"gonzalo-heredia-y-brenda-gandini-se-separaron-tras-mas-de-15-anos-juntos","status":"publish","type":"post","link":"https:\/\/www.cordobatimes.com\/showup\/famosos\/2026\/04\/30\/gonzalo-heredia-y-brenda-gandini-se-separaron-tras-mas-de-15-anos-juntos\/","title":{"rendered":"Gonzalo Heredia y Brenda Gandini se separaron tras m\u00e1s de 15 a\u00f1os juntos"},"content":{"rendered":"<h3 data-start=\"205\" data-end=\"427\"><strong>Una de las parejas m\u00e1s s\u00f3lidas y discretas del espect\u00e1culo argentino lleg\u00f3 a su fin. Gonzalo Heredia y Brenda Gandini se separaron despu\u00e9s de m\u00e1s de 15 a\u00f1os de relaci\u00f3n, en una noticia que sorprendi\u00f3 al ambiente art\u00edstico.<\/strong><\/h3>\n<p data-start=\"429\" data-end=\"638\">La primicia se conoci\u00f3 el 29 de abril de 2026 y r\u00e1pidamente gener\u00f3 repercusi\u00f3n, ya que ambos actores manten\u00edan un perfil bajo y una vida alejada del esc\u00e1ndalo medi\u00e1tico.<\/p>\n<p data-start=\"640\" data-end=\"921\">Seg\u00fan trascendi\u00f3, la ruptura se ven\u00eda gestando desde hac\u00eda un tiempo. Incluso, Heredia habr\u00eda comentado en su entorno cercano que atravesaban una crisis y que, si bien intentaron recomponer el v\u00ednculo, no cre\u00edan posible sostener la relaci\u00f3n.<\/p>\n<h3 data-section-id=\"1lhweqo\" data-start=\"923\" data-end=\"960\"><strong>Una historia de m\u00e1s de una d\u00e9cada<\/strong><\/h3>\n<p data-start=\"962\" data-end=\"1223\">Heredia y Gandini comenzaron su relaci\u00f3n en 2010, tras conocerse en el \u00e1mbito laboral, y construyeron una de las parejas m\u00e1s estables del medio. Fruto de ese v\u00ednculo nacieron sus dos hijos: Eloy (2011) y Alfonsina (2017).<\/p>\n<p data-start=\"1225\" data-end=\"1475\">A lo largo de los a\u00f1os, ambos destacaron en distintas entrevistas la importancia del di\u00e1logo y la adaptaci\u00f3n en las relaciones largas, reconociendo que atravesaron crisis que eligieron mantener en la intimidad.<\/p>\n<h3 data-section-id=\"1rs8she\" data-start=\"1477\" data-end=\"1508\"><strong>Bajo perfil y vida familiar<\/strong><\/h3>\n<p data-start=\"1510\" data-end=\"1788\">Durante m\u00e1s de una d\u00e9cada y media, la pareja se caracteriz\u00f3 por evitar la exposici\u00f3n medi\u00e1tica y priorizar la vida familiar. Ese equilibrio, sumado al crecimiento profesional de ambos, fue una de las claves de su continuidad en el tiempo.<\/p>\n<p data-start=\"1790\" data-end=\"1928\">Sin embargo, como ocurre en muchas relaciones extensas, los cambios personales y las distintas etapas terminaron impactando en el v\u00ednculo.<\/p>\n<div style=\"width: 696px;\" class=\"wp-video\"><video class=\"wp-video-shortcode\" id=\"video-110859-1\" width=\"696\" height=\"400\" preload=\"metadata\" controls=\"controls\"><source type=\"video\/mp4\" src=\"http:\/\/www.cordobatimes.com\/showup\/wp-content\/uploads\/2026\/04\/showuprevista-1-4.mp4?_=1\" \/><a href=\"http:\/\/www.cordobatimes.com\/showup\/wp-content\/uploads\/2026\/04\/showuprevista-1-4.mp4\">http:\/\/www.cordobatimes.com\/showup\/wp-content\/uploads\/2026\/04\/showuprevista-1-4.mp4<\/a><\/video><\/div>\n","protected":false},"excerpt":{"rendered":"<p>Una de las parejas m\u00e1s s\u00f3lidas y discretas del espect\u00e1culo argentino lleg\u00f3 a su fin. Gonzalo Heredia y Brenda Gandini se separaron despu\u00e9s de m\u00e1s de 15 a\u00f1os de relaci\u00f3n, en una noticia que sorprendi\u00f3 al ambiente art\u00edstico. La primicia se conoci\u00f3 el 29 de abril de 2026 y r\u00e1pidamente gener\u00f3 repercusi\u00f3n, ya que ambos [&hellip;]<\/p>\n","protected":false},"author":24,"featured_media":110862,"comment_status":"closed","ping_status":"closed","sticky":false,"template":"","format":"standard","meta":{"_seopress_robots_primary_cat":"none","_seopress_titles_title":"","_seopress_titles_desc":"","_seopress_robots_index":"","footnotes":""},"categories":[4],"tags":[42645,42646],"class_list":{"0":"post-110859","1":"post","2":"type-post","3":"status-publish","4":"format-standard","5":"has-post-thumbnail","7":"category-famosos","8":"tag-gonzalo-heredia-y-brenda-gandini","9":"tag-separacion-gonzalo-heredia-y-brenda-gandini"},"_links":{"self":[{"href":"https:\/\/www.cordobatimes.com\/showup\/wp-json\/wp\/v2\/posts\/110859","targetHints":{"allow":["GET"]}}],"collection":[{"href":"https:\/\/www.cordobatimes.com\/showup\/wp-json\/wp\/v2\/posts"}],"about":[{"href":"https:\/\/www.cordobatimes.com\/showup\/wp-json\/wp\/v2\/types\/post"}],"author":[{"embeddable":true,"href":"https:\/\/www.cordobatimes.com\/showup\/wp-json\/wp\/v2\/users\/24"}],"replies":[{"embeddable":true,"href":"https:\/\/www.cordobatimes.com\/showup\/wp-json\/wp\/v2\/comments?post=110859"}],"version-history":[{"count":1,"href":"https:\/\/www.cordobatimes.com\/showup\/wp-json\/wp\/v2\/posts\/110859\/revisions"}],"predecessor-version":[{"id":110864,"href":"https:\/\/www.cordobatimes.com\/showup\/wp-json\/wp\/v2\/posts\/110859\/revisions\/110864"}],"wp:featuredmedia":[{"embeddable":true,"href":"https:\/\/www.cordobatimes.com\/showup\/wp-json\/wp\/v2\/media\/110862"}],"wp:attachment":[{"href":"https:\/\/www.cordobatimes.com\/showup\/wp-json\/wp\/v2\/media?parent=110859"}],"wp:term":[{"taxonomy":"category","embeddable":true,"href":"https:\/\/www.cordobatimes.com\/showup\/wp-json\/wp\/v2\/categories?post=110859"},{"taxonomy":"post_tag","embeddable":true,"href":"https:\/\/www.cordobatimes.com\/showup\/wp-json\/wp\/v2\/tags?post=110859"}],"curies":[{"name":"wp","href":"https:\/\/api.w.org\/{rel}","templated":true}]}}