{"id":110845,"date":"2026-04-29T18:06:04","date_gmt":"2026-04-29T21:06:04","guid":{"rendered":"https:\/\/www.cordobatimes.com\/showup\/?p=110845"},"modified":"2026-04-29T18:06:04","modified_gmt":"2026-04-29T21:06:04","slug":"cierra-ediciones-de-la-flor-la-historica-editorial-que-publico-a-quino-y-roberto-fontanarrosa","status":"publish","type":"post","link":"https:\/\/www.cordobatimes.com\/showup\/sociedad\/2026\/04\/29\/cierra-ediciones-de-la-flor-la-historica-editorial-que-publico-a-quino-y-roberto-fontanarrosa\/","title":{"rendered":"Cierra Ediciones de la Flor, la hist\u00f3rica editorial que public\u00f3 a Quino y Roberto Fontanarrosa"},"content":{"rendered":"<h3 data-start=\"264\" data-end=\"569\"><strong>El mundo editorial argentino suma una noticia que golpea directo a su historia: la emblem\u00e1tica <span class=\"hover:entity-accent entity-underline inline cursor-pointer align-baseline\"><span class=\"whitespace-normal\">Ediciones de la Flor<\/span><\/span> anunci\u00f3 su cierre definitivo durante la 50\u00b0 edici\u00f3n de la <span class=\"hover:entity-accent entity-underline inline cursor-pointer align-baseline\"><span class=\"whitespace-normal\">Feria Internacional del Libro de Buenos Aires<\/span><\/span>, uno de los encuentros culturales m\u00e1s importantes del mundo hispanohablante.<\/strong><\/h3>\n<p data-start=\"571\" data-end=\"780\">El anuncio fue acompa\u00f1ado por un mensaje cargado de simbolismo y despedida:<br data-start=\"646\" data-end=\"649\" \/>\u201c50 Ferias y una sola Flor. Editar libros en Argentina siempre fue una carrera con vallas y hasta aqu\u00ed hemos llegado a los saltos\u201d.<\/p>\n<p data-start=\"782\" data-end=\"1045\">La frase no solo resume el final de una editorial, sino tambi\u00e9n la crisis estructural que atraviesa la industria del libro en el pa\u00eds, marcada por la ca\u00edda de tiradas, el aumento de costos y la reducci\u00f3n del mercado lector.<\/p>\n<h3 data-section-id=\"1gn3svu\" data-start=\"1047\" data-end=\"1089\"><strong>Un sello clave en la cultura argentina<\/strong><\/h3>\n<p data-start=\"1091\" data-end=\"1314\">Fundada en 1966 por Daniel Divinsky y Ana Mar\u00eda \u201cKuki\u201d Miler, <span class=\"hover:entity-accent entity-underline inline cursor-pointer align-baseline\"><span class=\"whitespace-normal\">Ediciones de la Flor<\/span><\/span> se convirti\u00f3 en una de las editoriales independientes m\u00e1s influyentes de Argentina.<\/p>\n<p data-start=\"1316\" data-end=\"1457\">Su cat\u00e1logo super\u00f3 los mil t\u00edtulos y fue fundamental para la difusi\u00f3n del humor gr\u00e1fico y la literatura nacional, con nombres centrales como:<\/p>\n<ul data-start=\"1459\" data-end=\"1601\">\n<li data-section-id=\"19ghgom\" data-start=\"1459\" data-end=\"1522\"><span class=\"hover:entity-accent entity-underline inline cursor-pointer align-baseline\"><span class=\"whitespace-normal\">Quino<\/span><\/span>, creador de <em data-start=\"1511\" data-end=\"1520\">Mafalda<\/em><\/li>\n<li data-section-id=\"1xaspf9\" data-start=\"1523\" data-end=\"1564\"><span class=\"hover:entity-accent entity-underline inline cursor-pointer align-baseline\"><span class=\"whitespace-normal\">Roberto Fontanarrosa<\/span><\/span><\/li>\n<li data-section-id=\"llw92g\" data-start=\"1565\" data-end=\"1601\">Caloi, Liniers, Rep y muchos m\u00e1s<\/li>\n<\/ul>\n<p data-start=\"1603\" data-end=\"1810\">Adem\u00e1s, public\u00f3 obras de autores como Rodolfo Walsh, Silvina Ocampo y hasta internacionales como Umberto Eco, consolidando un perfil editorial diverso y prestigioso.<\/p>\n<h3 data-section-id=\"ym0xq3\" data-start=\"1812\" data-end=\"1848\"><strong>Un final que ven\u00eda anticip\u00e1ndose<\/strong><\/h3>\n<p data-start=\"1850\" data-end=\"2121\">El cierre no llega de un d\u00eda para el otro. En los \u00faltimos a\u00f1os, la editorial hab\u00eda sufrido golpes clave, entre ellos la p\u00e9rdida de los derechos de <em data-start=\"1997\" data-end=\"2006\">Mafalda<\/em>, que dej\u00f3 de publicarse bajo su sello en 2025 tras m\u00e1s de cinco d\u00e9cadas.<\/p>\n<p data-start=\"2123\" data-end=\"2296\">A esto se sumaron las dificultades econ\u00f3micas del sector editorial argentino, donde imprimir, distribuir y sostener proyectos independientes se volvi\u00f3 cada vez m\u00e1s complejo.<\/p>\n<h3><strong>Un s\u00edmbolo que se apaga<\/strong><\/h3>\n<p data-start=\"2327\" data-end=\"2551\">La despedida de <span class=\"hover:entity-accent entity-underline inline cursor-pointer align-baseline\"><span class=\"whitespace-normal\">Ediciones de la Flor<\/span><\/span> no es solo el cierre de una empresa: representa el fin de una forma de editar libros, ligada a la independencia, la apuesta cultural y el desarrollo de autores locales.<\/p>\n","protected":false},"excerpt":{"rendered":"<p>El mundo editorial argentino suma una noticia que golpea directo a su historia: la emblem\u00e1tica Ediciones de la Flor anunci\u00f3 su cierre definitivo durante la 50\u00b0 edici\u00f3n de la Feria Internacional del Libro de Buenos Aires, uno de los encuentros culturales m\u00e1s importantes del mundo hispanohablante. El anuncio fue acompa\u00f1ado por un mensaje cargado de [&hellip;]<\/p>\n","protected":false},"author":24,"featured_media":110848,"comment_status":"closed","ping_status":"closed","sticky":false,"template":"","format":"standard","meta":{"_seopress_robots_primary_cat":"none","_seopress_titles_title":"","_seopress_titles_desc":"","_seopress_robots_index":"","footnotes":""},"categories":[23399],"tags":[42639,42641,42640],"class_list":{"0":"post-110845","1":"post","2":"type-post","3":"status-publish","4":"format-standard","5":"has-post-thumbnail","7":"category-sociedad","8":"tag-ediciones-de-la-flor","9":"tag-ediciones-de-la-flor-editorial-que-publico-a-quino-y-roberto-fontanarrosa","10":"tag-editorial-que-publico-a-quino-y-roberto-fontanarrosa"},"_links":{"self":[{"href":"https:\/\/www.cordobatimes.com\/showup\/wp-json\/wp\/v2\/posts\/110845","targetHints":{"allow":["GET"]}}],"collection":[{"href":"https:\/\/www.cordobatimes.com\/showup\/wp-json\/wp\/v2\/posts"}],"about":[{"href":"https:\/\/www.cordobatimes.com\/showup\/wp-json\/wp\/v2\/types\/post"}],"author":[{"embeddable":true,"href":"https:\/\/www.cordobatimes.com\/showup\/wp-json\/wp\/v2\/users\/24"}],"replies":[{"embeddable":true,"href":"https:\/\/www.cordobatimes.com\/showup\/wp-json\/wp\/v2\/comments?post=110845"}],"version-history":[{"count":1,"href":"https:\/\/www.cordobatimes.com\/showup\/wp-json\/wp\/v2\/posts\/110845\/revisions"}],"predecessor-version":[{"id":110849,"href":"https:\/\/www.cordobatimes.com\/showup\/wp-json\/wp\/v2\/posts\/110845\/revisions\/110849"}],"wp:featuredmedia":[{"embeddable":true,"href":"https:\/\/www.cordobatimes.com\/showup\/wp-json\/wp\/v2\/media\/110848"}],"wp:attachment":[{"href":"https:\/\/www.cordobatimes.com\/showup\/wp-json\/wp\/v2\/media?parent=110845"}],"wp:term":[{"taxonomy":"category","embeddable":true,"href":"https:\/\/www.cordobatimes.com\/showup\/wp-json\/wp\/v2\/categories?post=110845"},{"taxonomy":"post_tag","embeddable":true,"href":"https:\/\/www.cordobatimes.com\/showup\/wp-json\/wp\/v2\/tags?post=110845"}],"curies":[{"name":"wp","href":"https:\/\/api.w.org\/{rel}","templated":true}]}}