{"id":110831,"date":"2026-04-28T19:22:11","date_gmt":"2026-04-28T22:22:11","guid":{"rendered":"https:\/\/www.cordobatimes.com\/showup\/?p=110831"},"modified":"2026-04-28T19:22:11","modified_gmt":"2026-04-28T22:22:11","slug":"taylor-swift-registra-su-voz-e-imagen-para-protegerse-de-la-inteligencia-artificial","status":"publish","type":"post","link":"https:\/\/www.cordobatimes.com\/showup\/famosos\/2026\/04\/28\/taylor-swift-registra-su-voz-e-imagen-para-protegerse-de-la-inteligencia-artificial\/","title":{"rendered":"Taylor Swift registra su voz e imagen para protegerse de la Inteligencia Artificial"},"content":{"rendered":"<h3 data-start=\"156\" data-end=\"545\"><strong>En un movimiento que marca un antes y un despu\u00e9s en la industria musical, Taylor Swift inici\u00f3 acciones legales para resguardar uno de sus activos m\u00e1s valiosos: su identidad art\u00edstica. La cantante present\u00f3 tres solicitudes de marca ante la Oficina de Patentes y Marcas de Estados Unidos con el objetivo de proteger tanto su voz como su imagen frente al avance de la inteligencia artificial.<\/strong><\/h3>\n<p data-start=\"547\" data-end=\"853\">Las presentaciones, realizadas a trav\u00e9s de su empresa TAS Rights Management, incluyen dos registros sonoros \u2014con frases como \u201cHey, it\u2019s Taylor Swift\u201d y \u201cHey, it\u2019s Taylor\u201d\u2014 y una imagen ic\u00f3nica de la artista en pleno escenario, con est\u00e9tica caracter\u00edstica de su show.<\/p>\n<p data-start=\"855\" data-end=\"1314\">El trasfondo de esta decisi\u00f3n est\u00e1 directamente vinculado al crecimiento de los contenidos generados con IA, especialmente los llamados <em data-start=\"991\" data-end=\"1002\">deepfakes<\/em>, que permiten replicar voces e im\u00e1genes de figuras p\u00fablicas sin su consentimiento. En el caso de Swift, ya circularon materiales falsos \u2014desde im\u00e1genes manipuladas hasta supuestos posicionamientos pol\u00edticos\u2014 que encendieron las alarmas sobre el uso indebido de su figura.<\/p>\n<p data-start=\"1316\" data-end=\"1775\">Seg\u00fan explic\u00f3 el abogado especializado en propiedad intelectual <span class=\"hover:entity-accent entity-underline inline cursor-pointer align-baseline\"><span class=\"whitespace-normal\">Josh Gerben<\/span><\/span>, esta estrategia abre una nueva v\u00eda legal: a diferencia del copyright, que protege obras concretas, el registro de marca podr\u00eda permitir accionar incluso contra imitaciones \u201cconfusamente similares\u201d. Es decir, no solo copias exactas, sino tambi\u00e9n recreaciones generadas por IA que suenen o se vean demasiado parecidas.<\/p>\n<p data-start=\"1777\" data-end=\"2143\">Este enfoque resulta innovador y todav\u00eda no ha sido completamente probado en tribunales, pero refleja una tendencia creciente en la industria. Frente a un escenario donde la tecnolog\u00eda avanza m\u00e1s r\u00e1pido que las regulaciones, artistas de primer nivel comienzan a blindar legalmente su identidad para evitar usos no autorizados.<\/p>\n","protected":false},"excerpt":{"rendered":"<p>En un movimiento que marca un antes y un despu\u00e9s en la industria musical, Taylor Swift inici\u00f3 acciones legales para resguardar uno de sus activos m\u00e1s valiosos: su identidad art\u00edstica. La cantante present\u00f3 tres solicitudes de marca ante la Oficina de Patentes y Marcas de Estados Unidos con el objetivo de proteger tanto su voz [&hellip;]<\/p>\n","protected":false},"author":24,"featured_media":110834,"comment_status":"closed","ping_status":"closed","sticky":false,"template":"","format":"standard","meta":{"_seopress_robots_primary_cat":"none","_seopress_titles_title":"","_seopress_titles_desc":"","_seopress_robots_index":"","footnotes":""},"categories":[4],"tags":[42636,42635],"class_list":{"0":"post-110831","1":"post","2":"type-post","3":"status-publish","4":"format-standard","5":"has-post-thumbnail","7":"category-famosos","8":"tag-taylor-swift-inteligencia-artificial","9":"tag-taylor-swift-registra-su-voz-e-imagen"},"_links":{"self":[{"href":"https:\/\/www.cordobatimes.com\/showup\/wp-json\/wp\/v2\/posts\/110831","targetHints":{"allow":["GET"]}}],"collection":[{"href":"https:\/\/www.cordobatimes.com\/showup\/wp-json\/wp\/v2\/posts"}],"about":[{"href":"https:\/\/www.cordobatimes.com\/showup\/wp-json\/wp\/v2\/types\/post"}],"author":[{"embeddable":true,"href":"https:\/\/www.cordobatimes.com\/showup\/wp-json\/wp\/v2\/users\/24"}],"replies":[{"embeddable":true,"href":"https:\/\/www.cordobatimes.com\/showup\/wp-json\/wp\/v2\/comments?post=110831"}],"version-history":[{"count":1,"href":"https:\/\/www.cordobatimes.com\/showup\/wp-json\/wp\/v2\/posts\/110831\/revisions"}],"predecessor-version":[{"id":110835,"href":"https:\/\/www.cordobatimes.com\/showup\/wp-json\/wp\/v2\/posts\/110831\/revisions\/110835"}],"wp:featuredmedia":[{"embeddable":true,"href":"https:\/\/www.cordobatimes.com\/showup\/wp-json\/wp\/v2\/media\/110834"}],"wp:attachment":[{"href":"https:\/\/www.cordobatimes.com\/showup\/wp-json\/wp\/v2\/media?parent=110831"}],"wp:term":[{"taxonomy":"category","embeddable":true,"href":"https:\/\/www.cordobatimes.com\/showup\/wp-json\/wp\/v2\/categories?post=110831"},{"taxonomy":"post_tag","embeddable":true,"href":"https:\/\/www.cordobatimes.com\/showup\/wp-json\/wp\/v2\/tags?post=110831"}],"curies":[{"name":"wp","href":"https:\/\/api.w.org\/{rel}","templated":true}]}}