{"id":110826,"date":"2026-04-28T18:28:08","date_gmt":"2026-04-28T21:28:08","guid":{"rendered":"https:\/\/www.cordobatimes.com\/showup\/?p=110826"},"modified":"2026-04-28T18:28:08","modified_gmt":"2026-04-28T21:28:08","slug":"ed-sheeran-vuelve-a-la-argentina-despues-de-siete-anos-cuando-y-donde-sera-el-show","status":"publish","type":"post","link":"https:\/\/www.cordobatimes.com\/showup\/musica\/2026\/04\/28\/ed-sheeran-vuelve-a-la-argentina-despues-de-siete-anos-cuando-y-donde-sera-el-show\/","title":{"rendered":"Ed Sheeran vuelve a la Argentina despu\u00e9s de siete a\u00f1os: cu\u00e1ndo y d\u00f3nde ser\u00e1 el show"},"content":{"rendered":"<h3 data-start=\"177\" data-end=\"381\"><strong>El reconocido cantautor brit\u00e1nico regresar\u00e1 al pa\u00eds el pr\u00f3ximo 29 de noviembre con un esperado show en el <span class=\"hover:entity-accent entity-underline inline cursor-pointer align-baseline\"><span class=\"whitespace-normal\">Estadio Tom\u00e1s Adolfo Duc\u00f3<\/span><\/span>, en el marco de su nueva gira internacional, el <em data-start=\"369\" data-end=\"380\">Loop Tour<\/em>.<\/strong><\/h3>\n<p data-start=\"383\" data-end=\"521\">La visita marca su vuelta a los escenarios argentinos tras siete a\u00f1os de ausencia, generando gran expectativa entre sus fan\u00e1ticos locales.<\/p>\n<p data-start=\"523\" data-end=\"814\">En cuanto a la venta de entradas, habr\u00e1 una instancia de preventa exclusiva para clientes bancarios que comenzar\u00e1 el 4 de mayo a las 12, con la posibilidad de abonar en seis cuotas sin inter\u00e9s. La venta general se habilitar\u00e1 el 5 de mayo, tambi\u00e9n desde las 12, a trav\u00e9s del sistema Livepass.<\/p>\n","protected":false},"excerpt":{"rendered":"<p>El reconocido cantautor brit\u00e1nico regresar\u00e1 al pa\u00eds el pr\u00f3ximo 29 de noviembre con un esperado show en el Estadio Tom\u00e1s Adolfo Duc\u00f3, en el marco de su nueva gira internacional, el Loop Tour. La visita marca su vuelta a los escenarios argentinos tras siete a\u00f1os de ausencia, generando gran expectativa entre sus fan\u00e1ticos locales. En [&hellip;]<\/p>\n","protected":false},"author":24,"featured_media":110829,"comment_status":"closed","ping_status":"closed","sticky":false,"template":"","format":"standard","meta":{"_seopress_robots_primary_cat":"none","_seopress_titles_title":"","_seopress_titles_desc":"","_seopress_robots_index":"","footnotes":""},"categories":[5],"tags":[42634,42633],"class_list":{"0":"post-110826","1":"post","2":"type-post","3":"status-publish","4":"format-standard","5":"has-post-thumbnail","7":"category-musica","8":"tag-ed-sheeran-en-argentina","9":"tag-ed-sheeran-vuelve-a-la-argentina"},"_links":{"self":[{"href":"https:\/\/www.cordobatimes.com\/showup\/wp-json\/wp\/v2\/posts\/110826","targetHints":{"allow":["GET"]}}],"collection":[{"href":"https:\/\/www.cordobatimes.com\/showup\/wp-json\/wp\/v2\/posts"}],"about":[{"href":"https:\/\/www.cordobatimes.com\/showup\/wp-json\/wp\/v2\/types\/post"}],"author":[{"embeddable":true,"href":"https:\/\/www.cordobatimes.com\/showup\/wp-json\/wp\/v2\/users\/24"}],"replies":[{"embeddable":true,"href":"https:\/\/www.cordobatimes.com\/showup\/wp-json\/wp\/v2\/comments?post=110826"}],"version-history":[{"count":1,"href":"https:\/\/www.cordobatimes.com\/showup\/wp-json\/wp\/v2\/posts\/110826\/revisions"}],"predecessor-version":[{"id":110830,"href":"https:\/\/www.cordobatimes.com\/showup\/wp-json\/wp\/v2\/posts\/110826\/revisions\/110830"}],"wp:featuredmedia":[{"embeddable":true,"href":"https:\/\/www.cordobatimes.com\/showup\/wp-json\/wp\/v2\/media\/110829"}],"wp:attachment":[{"href":"https:\/\/www.cordobatimes.com\/showup\/wp-json\/wp\/v2\/media?parent=110826"}],"wp:term":[{"taxonomy":"category","embeddable":true,"href":"https:\/\/www.cordobatimes.com\/showup\/wp-json\/wp\/v2\/categories?post=110826"},{"taxonomy":"post_tag","embeddable":true,"href":"https:\/\/www.cordobatimes.com\/showup\/wp-json\/wp\/v2\/tags?post=110826"}],"curies":[{"name":"wp","href":"https:\/\/api.w.org\/{rel}","templated":true}]}}