{"id":110815,"date":"2026-04-28T11:26:59","date_gmt":"2026-04-28T14:26:59","guid":{"rendered":"https:\/\/www.cordobatimes.com\/showup\/?p=110815"},"modified":"2026-04-28T11:26:59","modified_gmt":"2026-04-28T14:26:59","slug":"michael-buble-sorprendio-a-lily-allen-al-revelar-que-una-de-sus-canciones-fue-cortina-del-programa-de-jorge-lanata","status":"publish","type":"post","link":"https:\/\/www.cordobatimes.com\/showup\/espectaculos\/2026\/04\/28\/michael-buble-sorprendio-a-lily-allen-al-revelar-que-una-de-sus-canciones-fue-cortina-del-programa-de-jorge-lanata\/","title":{"rendered":"Michael Bubl\u00e9 sorprendi\u00f3 a Lily Allen al revelar que una de sus canciones fue cortina del programa de Jorge Lanata"},"content":{"rendered":"<h3 data-start=\"205\" data-end=\"432\"><strong>Un momento tan inesperado como divertido se volvi\u00f3 viral en las \u00faltimas horas: Michael Bubl\u00e9 le cont\u00f3 a Lily Allen que una de sus canciones fue utilizada como cortina musical en el ic\u00f3nico programa de Jorge Lanata en Argentina.<\/strong><\/h3>\n<p data-start=\"434\" data-end=\"748\">La charla, que se dio en un tono distendido, gener\u00f3 la reacci\u00f3n inmediata de la cantante brit\u00e1nica, quien se mostr\u00f3 sorprendida por el dato y curiosa por el alcance internacional de su m\u00fasica. La situaci\u00f3n r\u00e1pidamente capt\u00f3 la atenci\u00f3n de los fans argentinos, que reconocieron al instante la referencia televisiva.<\/p>\n<p data-start=\"750\" data-end=\"1000\">El programa de Lanata, uno de los ciclos period\u00edsticos m\u00e1s influyentes de la televisi\u00f3n argentina, se caracteriz\u00f3 durante a\u00f1os por su fuerte impronta editorial y una est\u00e9tica muy marcada, donde la m\u00fasica jugaba un rol clave en la identidad del env\u00edo.<\/p>\n<div style=\"width: 696px;\" class=\"wp-video\"><video class=\"wp-video-shortcode\" id=\"video-110815-1\" width=\"696\" height=\"1237\" preload=\"metadata\" controls=\"controls\"><source type=\"video\/mp4\" src=\"http:\/\/www.cordobatimes.com\/showup\/wp-content\/uploads\/2026\/04\/ssstwitter.com_1777384714944.mp4?_=1\" \/><a href=\"http:\/\/www.cordobatimes.com\/showup\/wp-content\/uploads\/2026\/04\/ssstwitter.com_1777384714944.mp4\">http:\/\/www.cordobatimes.com\/showup\/wp-content\/uploads\/2026\/04\/ssstwitter.com_1777384714944.mp4<\/a><\/video><\/div>\n","protected":false},"excerpt":{"rendered":"<p>Un momento tan inesperado como divertido se volvi\u00f3 viral en las \u00faltimas horas: Michael Bubl\u00e9 le cont\u00f3 a Lily Allen que una de sus canciones fue utilizada como cortina musical en el ic\u00f3nico programa de Jorge Lanata en Argentina. La charla, que se dio en un tono distendido, gener\u00f3 la reacci\u00f3n inmediata de la cantante [&hellip;]<\/p>\n","protected":false},"author":24,"featured_media":110818,"comment_status":"closed","ping_status":"closed","sticky":false,"template":"","format":"standard","meta":{"_seopress_robots_primary_cat":"none","_seopress_titles_title":"","_seopress_titles_desc":"","_seopress_robots_index":"","footnotes":""},"categories":[10],"tags":[849,169,42625,42626],"class_list":{"0":"post-110815","1":"post","2":"type-post","3":"status-publish","4":"format-standard","5":"has-post-thumbnail","7":"category-espectaculos","8":"tag-jorge-lanata","9":"tag-michael-buble","10":"tag-michael-buble-jorge-lanata","11":"tag-programa-de-jorge-lanata"},"_links":{"self":[{"href":"https:\/\/www.cordobatimes.com\/showup\/wp-json\/wp\/v2\/posts\/110815","targetHints":{"allow":["GET"]}}],"collection":[{"href":"https:\/\/www.cordobatimes.com\/showup\/wp-json\/wp\/v2\/posts"}],"about":[{"href":"https:\/\/www.cordobatimes.com\/showup\/wp-json\/wp\/v2\/types\/post"}],"author":[{"embeddable":true,"href":"https:\/\/www.cordobatimes.com\/showup\/wp-json\/wp\/v2\/users\/24"}],"replies":[{"embeddable":true,"href":"https:\/\/www.cordobatimes.com\/showup\/wp-json\/wp\/v2\/comments?post=110815"}],"version-history":[{"count":1,"href":"https:\/\/www.cordobatimes.com\/showup\/wp-json\/wp\/v2\/posts\/110815\/revisions"}],"predecessor-version":[{"id":110820,"href":"https:\/\/www.cordobatimes.com\/showup\/wp-json\/wp\/v2\/posts\/110815\/revisions\/110820"}],"wp:featuredmedia":[{"embeddable":true,"href":"https:\/\/www.cordobatimes.com\/showup\/wp-json\/wp\/v2\/media\/110818"}],"wp:attachment":[{"href":"https:\/\/www.cordobatimes.com\/showup\/wp-json\/wp\/v2\/media?parent=110815"}],"wp:term":[{"taxonomy":"category","embeddable":true,"href":"https:\/\/www.cordobatimes.com\/showup\/wp-json\/wp\/v2\/categories?post=110815"},{"taxonomy":"post_tag","embeddable":true,"href":"https:\/\/www.cordobatimes.com\/showup\/wp-json\/wp\/v2\/tags?post=110815"}],"curies":[{"name":"wp","href":"https:\/\/api.w.org\/{rel}","templated":true}]}}