{"id":110809,"date":"2026-04-28T10:41:52","date_gmt":"2026-04-28T13:41:52","guid":{"rendered":"https:\/\/www.cordobatimes.com\/showup\/?p=110809"},"modified":"2026-04-28T10:41:52","modified_gmt":"2026-04-28T13:41:52","slug":"mario-pergolini-cruzo-a-javier-milei-por-sus-ataques-a-periodistas-usted-tiene-que-entender-que-es-el-presidente","status":"publish","type":"post","link":"https:\/\/www.cordobatimes.com\/showup\/famosos\/2026\/04\/28\/mario-pergolini-cruzo-a-javier-milei-por-sus-ataques-a-periodistas-usted-tiene-que-entender-que-es-el-presidente\/","title":{"rendered":"Mario Pergolini cruz\u00f3 a Javier Milei por sus ataques a periodistas: \u201cUsted tiene que entender que es el Presidente\u201d"},"content":{"rendered":"<p data-start=\"189\" data-end=\"468\">En medio de un clima cada vez m\u00e1s tenso entre el Gobierno y la prensa, <span class=\"hover:entity-accent entity-underline inline cursor-pointer align-baseline\"><span class=\"whitespace-normal\">Mario Pergolini<\/span><\/span> lanz\u00f3 una fuerte cr\u00edtica contra <span class=\"hover:entity-accent entity-underline inline cursor-pointer align-baseline\"><span class=\"whitespace-normal\">Javier Milei<\/span><\/span>, luego de una serie de episodios que reavivaron el debate sobre la libertad de expresi\u00f3n en el pa\u00eds.<\/p>\n<p data-start=\"470\" data-end=\"814\">El conductor, conocido por su estilo directo, cuestion\u00f3 el tono confrontativo del Presidente hacia el periodismo y lo interpel\u00f3 con una frase contundente: <em data-start=\"625\" data-end=\"674\">\u201cUsted tiene que entender que es el Presidente\u201d<\/em>. El mensaje apunta a la responsabilidad institucional del cargo y al impacto que sus declaraciones pueden tener sobre el clima democr\u00e1tico.<\/p>\n<p data-start=\"816\" data-end=\"1164\">El cruce no ocurre en el vac\u00edo. En los \u00faltimos d\u00edas, la relaci\u00f3n entre el Gobierno y los medios escal\u00f3 significativamente. La decisi\u00f3n oficial de restringir el acceso de periodistas acreditados a la Casa Rosada fue calificada como una medida de \u201cextrema gravedad institucional\u201d por organizaciones del sector.<\/p>\n<p data-start=\"1166\" data-end=\"1438\">Adem\u00e1s, se suma un contexto de ataques reiterados desde el discurso presidencial hacia periodistas, con miles de mensajes cr\u00edticos difundidos en redes sociales y una narrativa que posiciona al periodismo como un adversario pol\u00edtico.<\/p>\n<div style=\"width: 652px;\" class=\"wp-video\"><video class=\"wp-video-shortcode\" id=\"video-110809-1\" width=\"652\" height=\"360\" preload=\"metadata\" controls=\"controls\"><source type=\"video\/mp4\" src=\"http:\/\/www.cordobatimes.com\/showup\/wp-content\/uploads\/2026\/04\/ssstwitter.com_1777382426509.mp4?_=1\" \/><a href=\"http:\/\/www.cordobatimes.com\/showup\/wp-content\/uploads\/2026\/04\/ssstwitter.com_1777382426509.mp4\">http:\/\/www.cordobatimes.com\/showup\/wp-content\/uploads\/2026\/04\/ssstwitter.com_1777382426509.mp4<\/a><\/video><\/div>\n","protected":false},"excerpt":{"rendered":"<p>En medio de un clima cada vez m\u00e1s tenso entre el Gobierno y la prensa, Mario Pergolini lanz\u00f3 una fuerte cr\u00edtica contra Javier Milei, luego de una serie de episodios que reavivaron el debate sobre la libertad de expresi\u00f3n en el pa\u00eds. El conductor, conocido por su estilo directo, cuestion\u00f3 el tono confrontativo del Presidente [&hellip;]<\/p>\n","protected":false},"author":24,"featured_media":110812,"comment_status":"closed","ping_status":"closed","sticky":false,"template":"","format":"standard","meta":{"_seopress_robots_primary_cat":"none","_seopress_titles_title":"","_seopress_titles_desc":"","_seopress_robots_index":"","footnotes":""},"categories":[4],"tags":[42624,39033],"class_list":{"0":"post-110809","1":"post","2":"type-post","3":"status-publish","4":"format-standard","5":"has-post-thumbnail","7":"category-famosos","8":"tag-mario-pergolini-cruzo-a-javier-milei","9":"tag-mario-pergolini-javier-milei"},"_links":{"self":[{"href":"https:\/\/www.cordobatimes.com\/showup\/wp-json\/wp\/v2\/posts\/110809","targetHints":{"allow":["GET"]}}],"collection":[{"href":"https:\/\/www.cordobatimes.com\/showup\/wp-json\/wp\/v2\/posts"}],"about":[{"href":"https:\/\/www.cordobatimes.com\/showup\/wp-json\/wp\/v2\/types\/post"}],"author":[{"embeddable":true,"href":"https:\/\/www.cordobatimes.com\/showup\/wp-json\/wp\/v2\/users\/24"}],"replies":[{"embeddable":true,"href":"https:\/\/www.cordobatimes.com\/showup\/wp-json\/wp\/v2\/comments?post=110809"}],"version-history":[{"count":1,"href":"https:\/\/www.cordobatimes.com\/showup\/wp-json\/wp\/v2\/posts\/110809\/revisions"}],"predecessor-version":[{"id":110814,"href":"https:\/\/www.cordobatimes.com\/showup\/wp-json\/wp\/v2\/posts\/110809\/revisions\/110814"}],"wp:featuredmedia":[{"embeddable":true,"href":"https:\/\/www.cordobatimes.com\/showup\/wp-json\/wp\/v2\/media\/110812"}],"wp:attachment":[{"href":"https:\/\/www.cordobatimes.com\/showup\/wp-json\/wp\/v2\/media?parent=110809"}],"wp:term":[{"taxonomy":"category","embeddable":true,"href":"https:\/\/www.cordobatimes.com\/showup\/wp-json\/wp\/v2\/categories?post=110809"},{"taxonomy":"post_tag","embeddable":true,"href":"https:\/\/www.cordobatimes.com\/showup\/wp-json\/wp\/v2\/tags?post=110809"}],"curies":[{"name":"wp","href":"https:\/\/api.w.org\/{rel}","templated":true}]}}