{"id":110803,"date":"2026-04-27T10:33:20","date_gmt":"2026-04-27T13:33:20","guid":{"rendered":"https:\/\/www.cordobatimes.com\/showup\/?p=110803"},"modified":"2026-04-27T10:33:20","modified_gmt":"2026-04-27T13:33:20","slug":"susana-gimenez-el-homenaje-que-emociono-a-toda-la-moda-argentina","status":"publish","type":"post","link":"https:\/\/www.cordobatimes.com\/showup\/moda-y-estilos\/2026\/04\/27\/susana-gimenez-el-homenaje-que-emociono-a-toda-la-moda-argentina\/","title":{"rendered":"Susana Gim\u00e9nez, el homenaje que emocion\u00f3 a toda la moda argentina"},"content":{"rendered":"<h3 data-start=\"116\" data-end=\"370\"><strong>La noche de los Mart\u00edn Fierro de la Moda 2026 tuvo un momento que trascendi\u00f3 premios y looks: el homenaje a <span class=\"hover:entity-accent entity-underline inline cursor-pointer align-baseline\"><span class=\"whitespace-normal\">Susana Gim\u00e9nez<\/span><\/span>, una figura que no solo marc\u00f3 la televisi\u00f3n, sino tambi\u00e9n la manera de entender el glamour en Argentina.<\/strong><\/h3>\n<p data-start=\"372\" data-end=\"624\">Reconocida como <strong data-start=\"388\" data-end=\"417\">\u00edcono del estilo nacional<\/strong>, la diva fue protagonista de uno de los segmentos m\u00e1s emotivos de la gala, en un tributo que repas\u00f3 su impacto cultural, su est\u00e9tica y su v\u00ednculo hist\u00f3rico con la moda.<\/p>\n<h2 data-section-id=\"jy0oic\" data-start=\"631\" data-end=\"670\"><strong>Un recorrido por su legado fashion<\/strong><\/h2>\n<p data-start=\"672\" data-end=\"1042\">El homenaje incluy\u00f3 un repaso visual de sus looks m\u00e1s emblem\u00e1ticos, recreados a trav\u00e9s de un desfile especialmente dise\u00f1ado para la ocasi\u00f3n. Desde el brillo de los a\u00f1os 70 hasta sus estilismos m\u00e1s sofisticados en televisi\u00f3n, la propuesta busc\u00f3 mostrar c\u00f3mo Susana construy\u00f3 una identidad est\u00e9tica propia que atraves\u00f3 generaciones.<\/p>\n<p data-start=\"1044\" data-end=\"1219\">La elecci\u00f3n no fue casual: a lo largo de d\u00e9cadas, cada aparici\u00f3n de la conductora marc\u00f3 tendencia, consolid\u00e1ndola como una de las figuras m\u00e1s influyentes del estilo argentino.<\/p>\n<h2 data-section-id=\"g627w3\" data-start=\"1226\" data-end=\"1252\">\u00a0<strong>La emoci\u00f3n de Susana<\/strong><\/h2>\n<p data-start=\"1254\" data-end=\"1501\">Ubicada en primera fila, Susana vivi\u00f3 el homenaje con visible emoci\u00f3n. Seg\u00fan trascendi\u00f3, lleg\u00f3 a quedarse \u201cmuda\u201d frente al reconocimiento, sorprendida por el despliegue y el cari\u00f1o del p\u00fablico y sus colegas.<\/p>\n<p data-start=\"1503\" data-end=\"1812\">En su discurso, combin\u00f3 recuerdos, agradecimientos y su sello personal de humor. Fiel a su estilo, cerr\u00f3 con una frase que desat\u00f3 risas y aplausos: \u201c\u00bfD\u00f3nde est\u00e1n los brillantes?\u201d, reafirmando ese v\u00ednculo inseparable entre su figura y el lujo ic\u00f3nico que la caracteriza.<\/p>\n<h2 data-section-id=\"fi2eg0\" data-start=\"1819\" data-end=\"1875\"><strong>Un homenaje que tambi\u00e9n se vio en la alfombra roja<\/strong><\/h2>\n<p data-start=\"1877\" data-end=\"1978\">El tributo no se limit\u00f3 al escenario. Varias figuras decidieron homenajearla desde sus propios looks:<\/p>\n<ul data-start=\"1980\" data-end=\"2278\">\n<li data-section-id=\"7zuue1\" data-start=\"1980\" data-end=\"2137\"><span class=\"hover:entity-accent entity-underline inline cursor-pointer align-baseline\"><span class=\"whitespace-normal\">Julieta Poggio<\/span><\/span> recre\u00f3 el glamour de los inicios de Susana con una propuesta audaz y teatral.<\/li>\n<li data-section-id=\"ovl43j\" data-start=\"2138\" data-end=\"2278\">Distintos estilismos de la noche retomaron c\u00f3digos cl\u00e1sicos asociados a la diva: plumas, brillos, transparencias y siluetas impactantes.<\/li>\n<\/ul>\n<p data-start=\"2280\" data-end=\"2375\">De esta manera, el homenaje se transform\u00f3 en un concepto transversal que atraves\u00f3 toda la gala.<\/p>\n<h3 data-section-id=\"xo1ntu\" data-start=\"2382\" data-end=\"2431\"><strong>M\u00e1s que un reconocimiento, una consagraci\u00f3n<\/strong><\/h3>\n<p data-start=\"2433\" data-end=\"2584\">El tributo a Susana Gim\u00e9nez no fue solo un premio honor\u00edfico: fue una reafirmaci\u00f3n de su lugar como <strong data-start=\"2533\" data-end=\"2581\">referente absoluta del espect\u00e1culo y la moda<\/strong>.<\/p>\n<p data-start=\"2586\" data-end=\"2840\">Con una carrera que incluye m\u00faltiples reconocimientos de <span class=\"hover:entity-accent entity-underline inline cursor-pointer align-baseline\"><span class=\"whitespace-normal\">APTRA<\/span><\/span> \u2014incluyendo Mart\u00edn Fierro de Oro, de Platino y de Brillantes\u2014, su figura sigue vigente como s\u00edmbolo de elegancia, impacto medi\u00e1tico y construcci\u00f3n de imagen.<\/p>\n<p data-start=\"2842\" data-end=\"3059\">En una ceremonia que busc\u00f3 reflejar el presente de la moda, el homenaje a Susana funcion\u00f3 tambi\u00e9n como un puente con el pasado: una forma de recordar que muchas de las tendencias actuales nacieron, en parte, con ella.<\/p>\n<h3 data-section-id=\"1otth6e\" data-start=\"3066\" data-end=\"3118\"><strong>Una noche que confirm\u00f3 su lugar en la historia<\/strong><\/h3>\n<p data-start=\"3120\" data-end=\"3292\">Entre premios, viralizaci\u00f3n y nuevos referentes, hubo algo que qued\u00f3 claro: la moda argentina puede evolucionar, mutar y expandirse\u2026 pero sigue teniendo una ra\u00edz innegable.<\/p>\n<p data-start=\"3294\" data-end=\"3336\">Y esa ra\u00edz lleva un nombre propio: Susana.<\/p>\n<div style=\"width: 640px;\" class=\"wp-video\"><video class=\"wp-video-shortcode\" id=\"video-110803-1\" width=\"640\" height=\"360\" preload=\"metadata\" controls=\"controls\"><source type=\"video\/mp4\" src=\"http:\/\/www.cordobatimes.com\/showup\/wp-content\/uploads\/2026\/04\/ssstwitter.com_1777295148058.mp4?_=1\" \/><a href=\"http:\/\/www.cordobatimes.com\/showup\/wp-content\/uploads\/2026\/04\/ssstwitter.com_1777295148058.mp4\">http:\/\/www.cordobatimes.com\/showup\/wp-content\/uploads\/2026\/04\/ssstwitter.com_1777295148058.mp4<\/a><\/video><\/div>\n","protected":false},"excerpt":{"rendered":"<p>La noche de los Mart\u00edn Fierro de la Moda 2026 tuvo un momento que trascendi\u00f3 premios y looks: el homenaje a Susana Gim\u00e9nez, una figura que no solo marc\u00f3 la televisi\u00f3n, sino tambi\u00e9n la manera de entender el glamour en Argentina. Reconocida como \u00edcono del estilo nacional, la diva fue protagonista de uno de los [&hellip;]<\/p>\n","protected":false},"author":24,"featured_media":110806,"comment_status":"closed","ping_status":"closed","sticky":false,"template":"","format":"standard","meta":{"_seopress_robots_primary_cat":"none","_seopress_titles_title":"","_seopress_titles_desc":"","_seopress_robots_index":"","footnotes":""},"categories":[228],"tags":[42621,42622,42623],"class_list":{"0":"post-110803","1":"post","2":"type-post","3":"status-publish","4":"format-standard","5":"has-post-thumbnail","7":"category-moda-y-estilos","8":"tag-homenaje-susana-gimenez","9":"tag-susana-gimenez-homenaje-martin-fierro-de-la-moda","10":"tag-susana-gimenez-martin-fierro-de-la-moda"},"_links":{"self":[{"href":"https:\/\/www.cordobatimes.com\/showup\/wp-json\/wp\/v2\/posts\/110803","targetHints":{"allow":["GET"]}}],"collection":[{"href":"https:\/\/www.cordobatimes.com\/showup\/wp-json\/wp\/v2\/posts"}],"about":[{"href":"https:\/\/www.cordobatimes.com\/showup\/wp-json\/wp\/v2\/types\/post"}],"author":[{"embeddable":true,"href":"https:\/\/www.cordobatimes.com\/showup\/wp-json\/wp\/v2\/users\/24"}],"replies":[{"embeddable":true,"href":"https:\/\/www.cordobatimes.com\/showup\/wp-json\/wp\/v2\/comments?post=110803"}],"version-history":[{"count":1,"href":"https:\/\/www.cordobatimes.com\/showup\/wp-json\/wp\/v2\/posts\/110803\/revisions"}],"predecessor-version":[{"id":110808,"href":"https:\/\/www.cordobatimes.com\/showup\/wp-json\/wp\/v2\/posts\/110803\/revisions\/110808"}],"wp:featuredmedia":[{"embeddable":true,"href":"https:\/\/www.cordobatimes.com\/showup\/wp-json\/wp\/v2\/media\/110806"}],"wp:attachment":[{"href":"https:\/\/www.cordobatimes.com\/showup\/wp-json\/wp\/v2\/media?parent=110803"}],"wp:term":[{"taxonomy":"category","embeddable":true,"href":"https:\/\/www.cordobatimes.com\/showup\/wp-json\/wp\/v2\/categories?post=110803"},{"taxonomy":"post_tag","embeddable":true,"href":"https:\/\/www.cordobatimes.com\/showup\/wp-json\/wp\/v2\/tags?post=110803"}],"curies":[{"name":"wp","href":"https:\/\/api.w.org\/{rel}","templated":true}]}}