{"id":110798,"date":"2026-04-27T10:00:03","date_gmt":"2026-04-27T13:00:03","guid":{"rendered":"https:\/\/www.cordobatimes.com\/showup\/?p=110798"},"modified":"2026-04-27T10:00:03","modified_gmt":"2026-04-27T13:00:03","slug":"martin-fierro-de-la-moda-2026-consagraciones-sorpresas-y-el-nuevo-mapa-del-estilo-argentino","status":"publish","type":"post","link":"https:\/\/www.cordobatimes.com\/showup\/moda-y-estilos\/2026\/04\/27\/martin-fierro-de-la-moda-2026-consagraciones-sorpresas-y-el-nuevo-mapa-del-estilo-argentino\/","title":{"rendered":"Mart\u00edn Fierro de la Moda 2026: consagraciones, sorpresas y el nuevo mapa del estilo argentino"},"content":{"rendered":"<h3 data-start=\"277\" data-end=\"595\"><strong>La moda argentina celebr\u00f3 su gran noche con una nueva edici\u00f3n de los Mart\u00edn Fierro de la Moda 2026, una gala que ya se consolida como term\u00f3metro del estilo nacional y que, a\u00f1o a a\u00f1o, ampl\u00eda su mirada para incluir no solo a la televisi\u00f3n, sino tambi\u00e9n al universo digital, el streaming y los creadores de contenido.<\/strong><\/h3>\n<p data-start=\"597\" data-end=\"1005\">Con la conducci\u00f3n de <span class=\"hover:entity-accent entity-underline inline cursor-pointer align-baseline\"><span class=\"whitespace-normal\">Iv\u00e1n de Pineda<\/span><\/span> y <span class=\"hover:entity-accent entity-underline inline cursor-pointer align-baseline\"><span class=\"whitespace-normal\">Valeria Mazza<\/span><\/span>, la ceremonia organizada por <span class=\"hover:entity-accent entity-underline inline cursor-pointer align-baseline\"><span class=\"whitespace-normal\">APTRA<\/span><\/span> reuni\u00f3 a las figuras m\u00e1s influyentes del espect\u00e1culo, dise\u00f1adores, estilistas y referentes de la industria en una noche atravesada por el glamour, los discursos emotivos y una clara lectura de \u00e9poca: hoy la moda tambi\u00e9n se construye en redes.<\/p>\n<h2 data-section-id=\"t24mqt\" data-start=\"1007\" data-end=\"1046\"><strong>Juana Viale, la gran protagonista<\/strong><\/h2>\n<p data-start=\"1048\" data-end=\"1302\">El momento c\u00falmine lleg\u00f3 con la entrega del <strong data-start=\"1092\" data-end=\"1116\">Mart\u00edn Fierro de Oro<\/strong>, que fue para <span class=\"hover:entity-accent entity-underline inline cursor-pointer align-baseline\"><span class=\"whitespace-normal\">Juana Viale<\/span><\/span>. Due\u00f1a de un estilo audaz, teatral y en constante evoluci\u00f3n, Viale se consolid\u00f3 como la figura fashion m\u00e1s influyente del \u00faltimo a\u00f1o.<\/p>\n<p data-start=\"1304\" data-end=\"1498\">Adem\u00e1s, la conductora tambi\u00e9n se llev\u00f3 el premio a <strong data-start=\"1355\" data-end=\"1413\">Mejor estilo en conducci\u00f3n femenina (programa semanal)<\/strong>, coronando una temporada donde cada una de sus apariciones fue tema de conversaci\u00f3n.<\/p>\n<h2 data-section-id=\"16e9h70\" data-start=\"1500\" data-end=\"1533\"><strong>Reconocimiento a una leyenda<\/strong><\/h2>\n<p data-start=\"1535\" data-end=\"1790\">Uno de los momentos m\u00e1s celebrados fue la distinci\u00f3n como <strong data-start=\"1593\" data-end=\"1613\">\u00cdcono de la moda<\/strong> a <span class=\"hover:entity-accent entity-underline inline cursor-pointer align-baseline\"><span class=\"whitespace-normal\">Susana Gim\u00e9nez<\/span><\/span>, quien a lo largo de d\u00e9cadas construy\u00f3 una imagen sofisticada y popular a la vez, marcando generaciones dentro y fuera de la televisi\u00f3n.<\/p>\n<h2 data-section-id=\"13uy81b\" data-start=\"1792\" data-end=\"1836\">\u00a0<strong>La televisi\u00f3n sigue marcando presencia<\/strong><\/h2>\n<p data-start=\"1838\" data-end=\"2015\">En el terreno televisivo, <span class=\"hover:entity-accent entity-underline inline cursor-pointer align-baseline\"><span class=\"whitespace-normal\">Ver\u00f3nica Lozano<\/span><\/span> se llev\u00f3 el premio a <strong data-start=\"1923\" data-end=\"1971\">Mejor estilo en conducci\u00f3n femenina (diaria)<\/strong>, reafirmando su identidad fresca y cercana.<\/p>\n<p data-start=\"2017\" data-end=\"2191\">Por su parte, el reconocimiento a panelistas destac\u00f3 a <span class=\"hover:entity-accent entity-underline inline cursor-pointer align-baseline\"><span class=\"whitespace-normal\">Sol P\u00e9rez<\/span><\/span>, una figura que combina tendencia, presencia medi\u00e1tica y fuerte impacto en redes.<\/p>\n<h2 data-section-id=\"k7lo61\" data-start=\"2193\" data-end=\"2237\"><strong>Redes, streaming y la nueva influencia<\/strong><\/h2>\n<p data-start=\"2239\" data-end=\"2406\">Uno de los ejes m\u00e1s claros de esta edici\u00f3n fue el peso de lo digital. La moda ya no se define \u00fanicamente en la TV o las pasarelas, y los premios reflejaron ese cambio:<\/p>\n<ul data-start=\"2408\" data-end=\"2897\">\n<li data-section-id=\"1hhrfwz\" data-start=\"2408\" data-end=\"2552\"><span class=\"hover:entity-accent entity-underline inline cursor-pointer align-baseline\"><span class=\"whitespace-normal\">Pampita<\/span><\/span> gan\u00f3 como <strong data-start=\"2458\" data-end=\"2483\">Mejor estilo en redes<\/strong>, consolidando su liderazgo como referente fashion multiplataforma.<\/li>\n<li data-section-id=\"1h01mxd\" data-start=\"2553\" data-end=\"2690\"><span class=\"hover:entity-accent entity-underline inline cursor-pointer align-baseline\"><span class=\"whitespace-normal\">Zaira Nara<\/span><\/span> fue elegida <strong data-start=\"2605\" data-end=\"2633\">Mejor influencer de moda<\/strong>, gracias a su fuerte conexi\u00f3n con el p\u00fablico y marcas.<\/li>\n<li data-section-id=\"1upesvb\" data-start=\"2691\" data-end=\"2791\"><span class=\"hover:entity-accent entity-underline inline cursor-pointer align-baseline\"><span class=\"whitespace-normal\">Evelyn Botto<\/span><\/span> obtuvo el premio a <strong data-start=\"2750\" data-end=\"2788\">Mejor estilo femenino en streaming<\/strong>.<\/li>\n<li data-section-id=\"16f57oz\" data-start=\"2792\" data-end=\"2897\"><span class=\"hover:entity-accent entity-underline inline cursor-pointer align-baseline\"><span class=\"whitespace-normal\">Fer Dente<\/span><\/span> fue distinguido como <strong data-start=\"2855\" data-end=\"2894\">Mejor estilo masculino en streaming<\/strong>.<\/li>\n<\/ul>\n<h2 data-section-id=\"ln9wj1\" data-start=\"2899\" data-end=\"2936\"><strong>Shows, ficci\u00f3n y nuevas figuras<\/strong><\/h2>\n<p data-start=\"2938\" data-end=\"3017\">La moda tambi\u00e9n atraviesa la ficci\u00f3n y los grandes formatos de entretenimiento:<\/p>\n<ul data-start=\"3019\" data-end=\"3319\">\n<li data-section-id=\"wzzy8s\" data-start=\"3019\" data-end=\"3112\"><span class=\"hover:entity-accent entity-underline inline cursor-pointer align-baseline\"><span class=\"whitespace-normal\">Julieta Zylberberg<\/span><\/span> gan\u00f3 como <strong data-start=\"3071\" data-end=\"3109\">Actriz con mejor estilo en ficci\u00f3n<\/strong>.<\/li>\n<li data-section-id=\"bpthef\" data-start=\"3113\" data-end=\"3217\"><span class=\"hover:entity-accent entity-underline inline cursor-pointer align-baseline\"><span class=\"whitespace-normal\">Nico Occhiato<\/span><\/span> se llev\u00f3 el premio a <strong data-start=\"3176\" data-end=\"3214\">Mejor estilo masculino en Big Show<\/strong>.<\/li>\n<li data-section-id=\"edqlvo\" data-start=\"3218\" data-end=\"3319\"><span class=\"hover:entity-accent entity-underline inline cursor-pointer align-baseline\"><span class=\"whitespace-normal\">Sof\u00eda Gonet<\/span><\/span> fue reconocida con <strong data-start=\"3279\" data-end=\"3316\">Mejor estilo femenino en Big Show<\/strong>.<\/li>\n<\/ul>\n<h2 data-section-id=\"1l7j643\" data-start=\"3321\" data-end=\"3385\"><strong>El detr\u00e1s de escena: los verdaderos arquitectos del estilo<\/strong><\/h2>\n<p data-start=\"3387\" data-end=\"3455\">La ceremonia tambi\u00e9n puso el foco en quienes construyen la est\u00e9tica:<\/p>\n<ul data-start=\"3457\" data-end=\"3674\">\n<li data-section-id=\"r8hcmm\" data-start=\"3457\" data-end=\"3540\"><span class=\"hover:entity-accent entity-underline inline cursor-pointer align-baseline\"><span class=\"whitespace-normal\">Nicol\u00e1s Zaffora<\/span><\/span> \u2013 <strong data-start=\"3501\" data-end=\"3538\">Mejor dise\u00f1ador de moda masculina<\/strong><\/li>\n<li data-section-id=\"4kr09s\" data-start=\"3541\" data-end=\"3608\"><span class=\"hover:entity-accent entity-underline inline cursor-pointer align-baseline\"><span class=\"whitespace-normal\">Gervasio Larrivey<\/span><\/span> \u2013 <strong data-start=\"3585\" data-end=\"3606\">Mejor maquillador<\/strong><\/li>\n<li data-section-id=\"1dtqvk9\" data-start=\"3609\" data-end=\"3674\"><span class=\"hover:entity-accent entity-underline inline cursor-pointer align-baseline\"><span class=\"whitespace-normal\">Max Jara<\/span><\/span> \u2013 <strong data-start=\"3653\" data-end=\"3672\">Mejor peluquero<\/strong><\/li>\n<\/ul>\n<p data-start=\"3676\" data-end=\"3834\">En tanto, el premio a <strong data-start=\"3698\" data-end=\"3726\">Nuevo talento de la moda<\/strong> fue para <span class=\"hover:entity-accent entity-underline inline cursor-pointer align-baseline\"><span class=\"whitespace-normal\">Valentina Schuchner<\/span><\/span>, marcando el recambio generacional dentro de la industria.<\/p>\n<h2 data-section-id=\"fsa5av\" data-start=\"3836\" data-end=\"3887\">\u00a0<strong>Una premiaci\u00f3n que refleja el cambio de \u00e9poca<\/strong><\/h2>\n<p data-start=\"3889\" data-end=\"4117\">La edici\u00f3n 2026 dej\u00f3 algo en claro: la moda argentina atraviesa una transformaci\u00f3n profunda. La convivencia entre figuras hist\u00f3ricas y nuevas generaciones, sumada al peso de las redes sociales, redefine qui\u00e9nes marcan tendencia.<\/p>\n<p data-start=\"4119\" data-end=\"4316\">Ya no se trata solo de dise\u00f1adores o modelos: conductores, influencers, actores y creadores digitales forman parte de un ecosistema donde la imagen, la identidad y la comunicaci\u00f3n son inseparables.<\/p>\n<p data-start=\"4318\" data-end=\"4514\">Con una gala que combin\u00f3 tradici\u00f3n y modernidad, los Mart\u00edn Fierro de la Moda volvieron a demostrar que el estilo es mucho m\u00e1s que ropa: es discurso, es presencia y, sobre todo, es poder cultural.<\/p>\n","protected":false},"excerpt":{"rendered":"<p>La moda argentina celebr\u00f3 su gran noche con una nueva edici\u00f3n de los Mart\u00edn Fierro de la Moda 2026, una gala que ya se consolida como term\u00f3metro del estilo nacional y que, a\u00f1o a a\u00f1o, ampl\u00eda su mirada para incluir no solo a la televisi\u00f3n, sino tambi\u00e9n al universo digital, el streaming y los creadores [&hellip;]<\/p>\n","protected":false},"author":24,"featured_media":110801,"comment_status":"closed","ping_status":"closed","sticky":false,"template":"","format":"standard","meta":{"_seopress_robots_primary_cat":"none","_seopress_titles_title":"","_seopress_titles_desc":"","_seopress_robots_index":"","footnotes":""},"categories":[228],"tags":[42620,24241,42448],"class_list":{"0":"post-110798","1":"post","2":"type-post","3":"status-publish","4":"format-standard","5":"has-post-thumbnail","7":"category-moda-y-estilos","8":"tag-ganadores-de-martin-fierro-de-la-moda-2026","9":"tag-martin-fierro-de-la-moda","10":"tag-martin-fierro-de-la-moda-2026"},"_links":{"self":[{"href":"https:\/\/www.cordobatimes.com\/showup\/wp-json\/wp\/v2\/posts\/110798","targetHints":{"allow":["GET"]}}],"collection":[{"href":"https:\/\/www.cordobatimes.com\/showup\/wp-json\/wp\/v2\/posts"}],"about":[{"href":"https:\/\/www.cordobatimes.com\/showup\/wp-json\/wp\/v2\/types\/post"}],"author":[{"embeddable":true,"href":"https:\/\/www.cordobatimes.com\/showup\/wp-json\/wp\/v2\/users\/24"}],"replies":[{"embeddable":true,"href":"https:\/\/www.cordobatimes.com\/showup\/wp-json\/wp\/v2\/comments?post=110798"}],"version-history":[{"count":1,"href":"https:\/\/www.cordobatimes.com\/showup\/wp-json\/wp\/v2\/posts\/110798\/revisions"}],"predecessor-version":[{"id":110802,"href":"https:\/\/www.cordobatimes.com\/showup\/wp-json\/wp\/v2\/posts\/110798\/revisions\/110802"}],"wp:featuredmedia":[{"embeddable":true,"href":"https:\/\/www.cordobatimes.com\/showup\/wp-json\/wp\/v2\/media\/110801"}],"wp:attachment":[{"href":"https:\/\/www.cordobatimes.com\/showup\/wp-json\/wp\/v2\/media?parent=110798"}],"wp:term":[{"taxonomy":"category","embeddable":true,"href":"https:\/\/www.cordobatimes.com\/showup\/wp-json\/wp\/v2\/categories?post=110798"},{"taxonomy":"post_tag","embeddable":true,"href":"https:\/\/www.cordobatimes.com\/showup\/wp-json\/wp\/v2\/tags?post=110798"}],"curies":[{"name":"wp","href":"https:\/\/api.w.org\/{rel}","templated":true}]}}