{"id":110793,"date":"2026-04-27T09:41:07","date_gmt":"2026-04-27T12:41:07","guid":{"rendered":"https:\/\/www.cordobatimes.com\/showup\/?p=110793"},"modified":"2026-04-27T09:41:07","modified_gmt":"2026-04-27T12:41:07","slug":"glamour-riesgo-y-tendencia-los-looks-que-dominaron-la-alfombra-roja-del-martin-fierro-de-la-moda-2026","status":"publish","type":"post","link":"https:\/\/www.cordobatimes.com\/showup\/moda-y-estilos\/2026\/04\/27\/glamour-riesgo-y-tendencia-los-looks-que-dominaron-la-alfombra-roja-del-martin-fierro-de-la-moda-2026\/","title":{"rendered":"Glamour, riesgo y tendencia: los looks que dominaron la alfombra roja del Mart\u00edn Fierro de la Moda 2026"},"content":{"rendered":"<h3 data-start=\"154\" data-end=\"377\"><strong>La alfombra roja de los Mart\u00edn Fierro de la Moda 2026 volvi\u00f3 a confirmar por qu\u00e9 es uno de los eventos m\u00e1s observados del a\u00f1o: no solo marca tendencia, tambi\u00e9n define qui\u00e9nes entienden el juego del estilo\u2026 y qui\u00e9nes no.<\/strong><\/h3>\n<p data-start=\"379\" data-end=\"606\">Con m\u00e1s de 300 invitados y una puesta imponente, la previa de la gala fue un desfile de identidades fashion donde convivieron la elegancia cl\u00e1sica, la experimentaci\u00f3n y el impacto visual.<\/p>\n<h2 data-section-id=\"1h7ucf2\" data-start=\"608\" data-end=\"635\">\u00a0<strong>Las claves de la noche<\/strong><\/h2>\n<p data-start=\"637\" data-end=\"828\">Si hubo algo que atraves\u00f3 la red carpet fue el <strong data-start=\"684\" data-end=\"727\">equilibrio entre sofisticaci\u00f3n y riesgo<\/strong>. Dise\u00f1os de alto impacto, siluetas marcadas y una fuerte presencia de texturas fueron protagonistas.<\/p>\n<p data-start=\"830\" data-end=\"862\">Entre las tendencias m\u00e1s claras:<\/p>\n<ul data-start=\"864\" data-end=\"1060\">\n<li data-section-id=\"c1m25k\" data-start=\"864\" data-end=\"911\">Brillos y lentejuelas en vestidos ajustados<\/li>\n<li data-section-id=\"y9bure\" data-start=\"912\" data-end=\"952\">Transparencias y cortes estrat\u00e9gicos<\/li>\n<li data-section-id=\"nh1w68\" data-start=\"953\" data-end=\"1006\">Terciopelo y g\u00e9neros pesados para looks nocturnos<\/li>\n<li data-section-id=\"7p37co\" data-start=\"1007\" data-end=\"1060\">Vol\u00famenes estructurados en propuestas m\u00e1s jugadas<\/li>\n<\/ul>\n<p data-start=\"1062\" data-end=\"1228\">La alfombra dej\u00f3 en claro que la moda argentina apuesta cada vez m\u00e1s a una est\u00e9tica internacional, sin perder identidad local.<\/p>\n<h2 data-section-id=\"kviq23\" data-start=\"1235\" data-end=\"1275\">\u00a0<strong>Las figuras que marcaron tendencia<\/strong><\/h2>\n<p data-start=\"1277\" data-end=\"1358\">Varias celebrities lograron destacarse y posicionarse entre las mejores vestidas:<\/p>\n<ul data-start=\"1360\" data-end=\"2179\">\n<li data-section-id=\"7j6yxo\" data-start=\"1360\" data-end=\"1536\"><span class=\"hover:entity-accent entity-underline inline cursor-pointer align-baseline\"><span class=\"whitespace-normal\">Pampita<\/span><\/span> volvi\u00f3 a demostrar por qu\u00e9 es referente fashion, con un look elegante y perfectamente ejecutado.<\/li>\n<li data-section-id=\"15sxnsy\" data-start=\"1537\" data-end=\"1692\"><span class=\"hover:entity-accent entity-underline inline cursor-pointer align-baseline\"><span class=\"whitespace-normal\">Juana Viale<\/span><\/span> apost\u00f3 a su sello teatral y sofisticado, reafirmando su identidad est\u00e9tica.<\/li>\n<li data-section-id=\"16oaoul\" data-start=\"1693\" data-end=\"1843\"><span class=\"hover:entity-accent entity-underline inline cursor-pointer align-baseline\"><span class=\"whitespace-normal\">Zaira Nara<\/span><\/span> brill\u00f3 en la conducci\u00f3n de la alfombra con estilismos de alto impacto.<\/li>\n<li data-section-id=\"1hnm0wj\" data-start=\"1844\" data-end=\"2024\"><span class=\"hover:entity-accent entity-underline inline cursor-pointer align-baseline\"><span class=\"whitespace-normal\">Julieta Poggio<\/span><\/span> fue una de las m\u00e1s comentadas, con un look moderno, fresco y alineado con las tendencias actuales.<\/li>\n<li data-section-id=\"1h0ca6y\" data-start=\"2025\" data-end=\"2179\"><span class=\"hover:entity-accent entity-underline inline cursor-pointer align-baseline\"><span class=\"whitespace-normal\">Yanina Latorre<\/span><\/span> sorprendi\u00f3 con un vestido con brillos que combin\u00f3 impacto y elegancia.<\/li>\n<\/ul>\n<p data-start=\"2181\" data-end=\"2425\">Tambi\u00e9n dijeron presente figuras como <span class=\"hover:entity-accent entity-underline inline cursor-pointer align-baseline\"><span class=\"whitespace-normal\">Susana Gim\u00e9nez<\/span><\/span>, que volvi\u00f3 a imponer su impronta glam, y nombres como Marta Fort y Griselda Siciliani, que aportaron diversidad de estilos.<\/p>\n<h2 data-section-id=\"1on7rl0\" data-start=\"2432\" data-end=\"2468\">\u00a0<strong>Los looks que generaron debate<\/strong><\/h2>\n<p data-start=\"2470\" data-end=\"2594\">Como toda alfombra roja, no todo fue acierto. La moda tambi\u00e9n es riesgo, y algunos outfits quedaron en el ojo de la cr\u00edtica:<\/p>\n<ul data-start=\"2596\" data-end=\"2786\">\n<li data-section-id=\"1bng10\" data-start=\"2596\" data-end=\"2786\"><span class=\"hover:entity-accent entity-underline inline cursor-pointer align-baseline\"><span class=\"whitespace-normal\">Romina Gaetani<\/span><\/span> apost\u00f3 por una propuesta estructural en negro que dividi\u00f3 opiniones por su silueta dif\u00edcil de interpretar.<\/li>\n<\/ul>\n<p data-start=\"2788\" data-end=\"2951\">Este tipo de elecciones refuerzan una idea clave: en los Mart\u00edn Fierro de la Moda no alcanza con llamar la atenci\u00f3n, hay una l\u00ednea muy fina entre innovar y fallar.<\/p>\n<h2 data-section-id=\"7zl504\" data-start=\"2958\" data-end=\"3001\"><strong>M\u00e1s que looks: una narrativa de \u00e9poca<\/strong><\/h2>\n<p data-start=\"3003\" data-end=\"3129\">La alfombra roja 2026 dej\u00f3 algo m\u00e1s profundo que una lista de \u201cmejores y peores vestidos\u201d: mostr\u00f3 c\u00f3mo est\u00e1 cambiando la moda.<\/p>\n<p data-start=\"3131\" data-end=\"3203\">Hoy, el estilo no se construye solo desde el dise\u00f1o, sino tambi\u00e9n desde:<\/p>\n<ul data-start=\"3205\" data-end=\"3316\">\n<li data-section-id=\"1va1883\" data-start=\"3205\" data-end=\"3242\">La personalidad de quien lo lleva<\/li>\n<li data-section-id=\"1wzvspb\" data-start=\"3243\" data-end=\"3275\">El impacto en redes sociales<\/li>\n<li data-section-id=\"1ksifea\" data-start=\"3276\" data-end=\"3316\">La capacidad de generar conversaci\u00f3n<\/li>\n<\/ul>\n<p data-start=\"3318\" data-end=\"3458\">Influencers, conductores y figuras digitales compartieron protagonismo con modelos y actrices, consolidando un nuevo mapa del poder fashion.<\/p>\n<h2 data-section-id=\"1l96tp2\" data-start=\"3465\" data-end=\"3501\">\u00a0<strong>Una alfombra que define el a\u00f1o<\/strong><\/h2>\n<p data-start=\"3503\" data-end=\"3627\">La red carpet de los Mart\u00edn Fierro de la Moda no es solo un desfile: es un statement. Cada look habla, comunica y posiciona.<\/p>\n<p data-start=\"3629\" data-end=\"3744\">Y en esta edici\u00f3n, el mensaje fue claro:<br data-start=\"3669\" data-end=\"3672\" \/>la moda argentina est\u00e1 m\u00e1s audaz, m\u00e1s diversa y m\u00e1s medi\u00e1tica que nunca.<\/p>\n","protected":false},"excerpt":{"rendered":"<p>La alfombra roja de los Mart\u00edn Fierro de la Moda 2026 volvi\u00f3 a confirmar por qu\u00e9 es uno de los eventos m\u00e1s observados del a\u00f1o: no solo marca tendencia, tambi\u00e9n define qui\u00e9nes entienden el juego del estilo\u2026 y qui\u00e9nes no. Con m\u00e1s de 300 invitados y una puesta imponente, la previa de la gala fue [&hellip;]<\/p>\n","protected":false},"author":24,"featured_media":110796,"comment_status":"closed","ping_status":"closed","sticky":false,"template":"","format":"standard","meta":{"_seopress_robots_primary_cat":"none","_seopress_titles_title":"","_seopress_titles_desc":"","_seopress_robots_index":"","footnotes":""},"categories":[228],"tags":[42619,42448],"class_list":{"0":"post-110793","1":"post","2":"type-post","3":"status-publish","4":"format-standard","5":"has-post-thumbnail","7":"category-moda-y-estilos","8":"tag-alfombra-roja-del-martin-fierro-de-la-moda-2026","9":"tag-martin-fierro-de-la-moda-2026"},"_links":{"self":[{"href":"https:\/\/www.cordobatimes.com\/showup\/wp-json\/wp\/v2\/posts\/110793","targetHints":{"allow":["GET"]}}],"collection":[{"href":"https:\/\/www.cordobatimes.com\/showup\/wp-json\/wp\/v2\/posts"}],"about":[{"href":"https:\/\/www.cordobatimes.com\/showup\/wp-json\/wp\/v2\/types\/post"}],"author":[{"embeddable":true,"href":"https:\/\/www.cordobatimes.com\/showup\/wp-json\/wp\/v2\/users\/24"}],"replies":[{"embeddable":true,"href":"https:\/\/www.cordobatimes.com\/showup\/wp-json\/wp\/v2\/comments?post=110793"}],"version-history":[{"count":1,"href":"https:\/\/www.cordobatimes.com\/showup\/wp-json\/wp\/v2\/posts\/110793\/revisions"}],"predecessor-version":[{"id":110797,"href":"https:\/\/www.cordobatimes.com\/showup\/wp-json\/wp\/v2\/posts\/110793\/revisions\/110797"}],"wp:featuredmedia":[{"embeddable":true,"href":"https:\/\/www.cordobatimes.com\/showup\/wp-json\/wp\/v2\/media\/110796"}],"wp:attachment":[{"href":"https:\/\/www.cordobatimes.com\/showup\/wp-json\/wp\/v2\/media?parent=110793"}],"wp:term":[{"taxonomy":"category","embeddable":true,"href":"https:\/\/www.cordobatimes.com\/showup\/wp-json\/wp\/v2\/categories?post=110793"},{"taxonomy":"post_tag","embeddable":true,"href":"https:\/\/www.cordobatimes.com\/showup\/wp-json\/wp\/v2\/tags?post=110793"}],"curies":[{"name":"wp","href":"https:\/\/api.w.org\/{rel}","templated":true}]}}