{"id":110787,"date":"2026-04-26T13:56:28","date_gmt":"2026-04-26T16:56:28","guid":{"rendered":"https:\/\/www.cordobatimes.com\/showup\/?p=110787"},"modified":"2026-04-26T13:56:28","modified_gmt":"2026-04-26T16:56:28","slug":"patricio-sardelli-emociono-con-el-himno-nacional-en-la-exhibicion-de-franco-colapinto-en-buenos-aires","status":"publish","type":"post","link":"https:\/\/www.cordobatimes.com\/showup\/musica\/2026\/04\/26\/patricio-sardelli-emociono-con-el-himno-nacional-en-la-exhibicion-de-franco-colapinto-en-buenos-aires\/","title":{"rendered":"Patricio Sardelli emocion\u00f3 con el Himno Nacional en la exhibici\u00f3n de Franco Colapinto en Buenos Aires"},"content":{"rendered":"<h3 data-start=\"273\" data-end=\"459\"><strong>El m\u00fasico Patricio Sardelli fue uno de los grandes protagonistas de la exhibici\u00f3n de Franco Colapinto en Buenos Aires, al interpretar el Himno Nacional Argentino en la previa del evento.<\/strong><\/h3>\n<p data-start=\"461\" data-end=\"750\">La presentaci\u00f3n se dio en el marco del road show que el joven piloto realiz\u00f3 ante una multitud, donde miles de fan\u00e1ticos se acercaron para vivir de cerca la experiencia de ver un monoplaza de F\u00f3rmula 1 en acci\u00f3n. El evento se convirti\u00f3 en una verdadera fiesta del deporte y el espect\u00e1culo.<\/p>\n<p data-start=\"752\" data-end=\"1027\">En ese contexto, el l\u00edder de Airbag fue el encargado de abrir la jornada con una versi\u00f3n del Himno que gener\u00f3 un clima de profunda emoci\u00f3n entre los presentes. El p\u00fablico acompa\u00f1\u00f3 cada estrofa, en un momento que combin\u00f3 orgullo nacional, m\u00fasica y pasi\u00f3n por el automovilismo.<\/p>\n<p data-start=\"1029\" data-end=\"1242\">La participaci\u00f3n de Sardelli no pas\u00f3 desapercibida y se convirti\u00f3 en uno de los puntos m\u00e1s destacados del evento, reforzando el impacto de una jornada que ya es considerada hist\u00f3rica para los fan\u00e1ticos argentinos.<\/p>\n<p data-start=\"1244\" data-end=\"1445\">Por su parte, Colapinto contin\u00faa consolid\u00e1ndose como una de las grandes promesas del automovilismo internacional, y este tipo de exhibiciones no hacen m\u00e1s que potenciar su v\u00ednculo con el p\u00fablico local.<\/p>\n<div style=\"width: 640px;\" class=\"wp-video\"><video class=\"wp-video-shortcode\" id=\"video-110787-1\" width=\"640\" height=\"360\" preload=\"metadata\" controls=\"controls\"><source type=\"video\/mp4\" src=\"http:\/\/www.cordobatimes.com\/showup\/wp-content\/uploads\/2026\/04\/ssstwitter.com_1777222330220.mp4?_=1\" \/><a href=\"http:\/\/www.cordobatimes.com\/showup\/wp-content\/uploads\/2026\/04\/ssstwitter.com_1777222330220.mp4\">http:\/\/www.cordobatimes.com\/showup\/wp-content\/uploads\/2026\/04\/ssstwitter.com_1777222330220.mp4<\/a><\/video><\/div>\n","protected":false},"excerpt":{"rendered":"<p>El m\u00fasico Patricio Sardelli fue uno de los grandes protagonistas de la exhibici\u00f3n de Franco Colapinto en Buenos Aires, al interpretar el Himno Nacional Argentino en la previa del evento. La presentaci\u00f3n se dio en el marco del road show que el joven piloto realiz\u00f3 ante una multitud, donde miles de fan\u00e1ticos se acercaron para [&hellip;]<\/p>\n","protected":false},"author":24,"featured_media":110790,"comment_status":"closed","ping_status":"closed","sticky":false,"template":"","format":"standard","meta":{"_seopress_robots_primary_cat":"none","_seopress_titles_title":"","_seopress_titles_desc":"","_seopress_robots_index":"","footnotes":""},"categories":[5],"tags":[42617,42615,42618,42616],"class_list":{"0":"post-110787","1":"post","2":"type-post","3":"status-publish","4":"format-standard","5":"has-post-thumbnail","7":"category-musica","8":"tag-la-exhibicion-de-franco-colapinto-en-buenos-aires","9":"tag-patricio-sardelli-emociono-con-el-himno-nacional","10":"tag-patricio-sardelli-franco-colapinto","11":"tag-patricio-sardelli-himno-nacional"},"_links":{"self":[{"href":"https:\/\/www.cordobatimes.com\/showup\/wp-json\/wp\/v2\/posts\/110787","targetHints":{"allow":["GET"]}}],"collection":[{"href":"https:\/\/www.cordobatimes.com\/showup\/wp-json\/wp\/v2\/posts"}],"about":[{"href":"https:\/\/www.cordobatimes.com\/showup\/wp-json\/wp\/v2\/types\/post"}],"author":[{"embeddable":true,"href":"https:\/\/www.cordobatimes.com\/showup\/wp-json\/wp\/v2\/users\/24"}],"replies":[{"embeddable":true,"href":"https:\/\/www.cordobatimes.com\/showup\/wp-json\/wp\/v2\/comments?post=110787"}],"version-history":[{"count":1,"href":"https:\/\/www.cordobatimes.com\/showup\/wp-json\/wp\/v2\/posts\/110787\/revisions"}],"predecessor-version":[{"id":110792,"href":"https:\/\/www.cordobatimes.com\/showup\/wp-json\/wp\/v2\/posts\/110787\/revisions\/110792"}],"wp:featuredmedia":[{"embeddable":true,"href":"https:\/\/www.cordobatimes.com\/showup\/wp-json\/wp\/v2\/media\/110790"}],"wp:attachment":[{"href":"https:\/\/www.cordobatimes.com\/showup\/wp-json\/wp\/v2\/media?parent=110787"}],"wp:term":[{"taxonomy":"category","embeddable":true,"href":"https:\/\/www.cordobatimes.com\/showup\/wp-json\/wp\/v2\/categories?post=110787"},{"taxonomy":"post_tag","embeddable":true,"href":"https:\/\/www.cordobatimes.com\/showup\/wp-json\/wp\/v2\/tags?post=110787"}],"curies":[{"name":"wp","href":"https:\/\/api.w.org\/{rel}","templated":true}]}}