{"id":110781,"date":"2026-04-26T11:33:51","date_gmt":"2026-04-26T14:33:51","guid":{"rendered":"https:\/\/www.cordobatimes.com\/showup\/?p=110781"},"modified":"2026-04-26T11:33:51","modified_gmt":"2026-04-26T14:33:51","slug":"michael-jackson-y-pepsi-el-dia-que-un-comercial-cambio-la-historia-del-pop","status":"publish","type":"post","link":"https:\/\/www.cordobatimes.com\/showup\/curiosidades\/2026\/04\/26\/michael-jackson-y-pepsi-el-dia-que-un-comercial-cambio-la-historia-del-pop\/","title":{"rendered":"Michael Jackson y Pepsi: el d\u00eda que un comercial cambi\u00f3 la historia del pop"},"content":{"rendered":"<h3 data-start=\"81\" data-end=\"519\"><strong>En la cima de su carrera, con <em data-start=\"111\" data-end=\"121\">Thriller<\/em> dominando el mundo, <span class=\"hover:entity-accent entity-underline inline cursor-pointer align-baseline\"><span class=\"whitespace-normal\">Michael Jackson<\/span><\/span> sell\u00f3 una alianza millonaria con <span class=\"hover:entity-accent entity-underline inline cursor-pointer align-baseline\"><span class=\"whitespace-normal\">Pepsi<\/span><\/span> que marc\u00f3 un antes y un despu\u00e9s en la relaci\u00f3n entre marcas y celebridades. La campa\u00f1a, conocida como \u201cThe Pepsi Generation\u201d, no solo consolid\u00f3 al artista como \u00edcono global, sino que tambi\u00e9n dej\u00f3 uno de los episodios m\u00e1s impactantes de la historia del entretenimiento.<\/strong><\/h3>\n<p data-start=\"521\" data-end=\"953\">El 27 de enero de 1984, durante la grabaci\u00f3n de un comercial en el Shrine Auditorium de Los \u00c1ngeles, un error t\u00e9cnico provoc\u00f3 que la pirotecnia se activara antes de tiempo. Las chispas alcanzaron el cabello de Jackson, que se incendi\u00f3 en cuesti\u00f3n de segundos. Aunque el artista continu\u00f3 bailando durante unos instantes sin percatarse de la gravedad, el da\u00f1o ya estaba hecho: sufri\u00f3 quemaduras de segundo grado en el cuero cabelludo.<\/p>\n<p data-start=\"521\" data-end=\"953\"><img alt=\"\" loading=\"lazy\" decoding=\"async\" class=\"alignnone wp-image-110785 size-full\" src=\"http:\/\/www.cordobatimes.com\/showup\/wp-content\/uploads\/2026\/04\/Pantallazo-26-04-2026-11.26.29.jpg\" alt=\"\" width=\"533\" height=\"631\" srcset=\"https:\/\/www.cordobatimes.com\/showup\/wp-content\/uploads\/2026\/04\/Pantallazo-26-04-2026-11.26.29.jpg 533w, https:\/\/www.cordobatimes.com\/showup\/wp-content\/uploads\/2026\/04\/Pantallazo-26-04-2026-11.26.29-355x420.jpg 355w, https:\/\/www.cordobatimes.com\/showup\/wp-content\/uploads\/2026\/04\/Pantallazo-26-04-2026-11.26.29-150x178.jpg 150w, https:\/\/www.cordobatimes.com\/showup\/wp-content\/uploads\/2026\/04\/Pantallazo-26-04-2026-11.26.29-300x355.jpg 300w\" sizes=\"auto, (max-width: 533px) 100vw, 533px\" \/><\/p>\n<p data-start=\"955\" data-end=\"1365\">El incidente gener\u00f3 conmoci\u00f3n inmediata y puso el foco en los riesgos detr\u00e1s de las grandes producciones publicitarias. Jackson fue trasladado de urgencia y sometido a un proceso de recuperaci\u00f3n que incluy\u00f3 tratamientos m\u00e9dicos y quir\u00fargicos. Como gesto significativo, el cantante don\u00f3 la compensaci\u00f3n econ\u00f3mica recibida a un centro especializado en el tratamiento de quemaduras, contribuyendo a su desarrollo.<\/p>\n<p data-start=\"1367\" data-end=\"1664\">M\u00e1s all\u00e1 del impacto f\u00edsico, el episodio tuvo repercusiones profundas en su vida personal y profesional. Diversas versiones se\u00f1alan que, a partir de entonces, comenz\u00f3 su relaci\u00f3n con analg\u00e9sicos para sobrellevar el dolor, un aspecto que con el tiempo se volver\u00eda parte de su historia m\u00e1s compleja.<\/p>\n<p data-start=\"1666\" data-end=\"2012\">A pesar del accidente, la relaci\u00f3n entre Michael Jackson y Pepsi continu\u00f3 durante varios a\u00f1os, reafirmando el peso del artista como figura publicitaria. La campa\u00f1a, con su est\u00e9tica innovadora y alcance global, redefini\u00f3 los est\u00e1ndares de la industria y abri\u00f3 el camino para futuras colaboraciones entre estrellas del espect\u00e1culo y grandes marcas.<\/p>\n<p data-start=\"2014\" data-end=\"2353\" data-is-last-node=\"\" data-is-only-node=\"\">Hoy, m\u00e1s de cuatro d\u00e9cadas despu\u00e9s, aquel comercial sigue siendo recordado no solo por su ambici\u00f3n creativa, sino tambi\u00e9n por el dram\u00e1tico episodio que expuso los l\u00edmites entre el espect\u00e1culo y el riesgo real. Una historia que refleja, en un solo instante, el brillo y la fragilidad de una de las figuras m\u00e1s influyentes de la cultura pop.<\/p>\n","protected":false},"excerpt":{"rendered":"<p>En la cima de su carrera, con Thriller dominando el mundo, Michael Jackson sell\u00f3 una alianza millonaria con Pepsi que marc\u00f3 un antes y un despu\u00e9s en la relaci\u00f3n entre marcas y celebridades. La campa\u00f1a, conocida como \u201cThe Pepsi Generation\u201d, no solo consolid\u00f3 al artista como \u00edcono global, sino que tambi\u00e9n dej\u00f3 uno de los [&hellip;]<\/p>\n","protected":false},"author":24,"featured_media":110784,"comment_status":"closed","ping_status":"closed","sticky":false,"template":"","format":"standard","meta":{"_seopress_robots_primary_cat":"none","_seopress_titles_title":"","_seopress_titles_desc":"","_seopress_robots_index":"","footnotes":""},"categories":[8,12967],"tags":[42612,42611,42613,42614],"class_list":{"0":"post-110781","1":"post","2":"type-post","3":"status-publish","4":"format-standard","5":"has-post-thumbnail","7":"category-curiosidades","8":"category-destacada","9":"tag-comercial-de-michael-jackson-con-pepsi","10":"tag-michael-jackson-y-pepsi","11":"tag-the-pepsi-generation","12":"tag-the-pepsi-generation-1984"},"_links":{"self":[{"href":"https:\/\/www.cordobatimes.com\/showup\/wp-json\/wp\/v2\/posts\/110781","targetHints":{"allow":["GET"]}}],"collection":[{"href":"https:\/\/www.cordobatimes.com\/showup\/wp-json\/wp\/v2\/posts"}],"about":[{"href":"https:\/\/www.cordobatimes.com\/showup\/wp-json\/wp\/v2\/types\/post"}],"author":[{"embeddable":true,"href":"https:\/\/www.cordobatimes.com\/showup\/wp-json\/wp\/v2\/users\/24"}],"replies":[{"embeddable":true,"href":"https:\/\/www.cordobatimes.com\/showup\/wp-json\/wp\/v2\/comments?post=110781"}],"version-history":[{"count":1,"href":"https:\/\/www.cordobatimes.com\/showup\/wp-json\/wp\/v2\/posts\/110781\/revisions"}],"predecessor-version":[{"id":110786,"href":"https:\/\/www.cordobatimes.com\/showup\/wp-json\/wp\/v2\/posts\/110781\/revisions\/110786"}],"wp:featuredmedia":[{"embeddable":true,"href":"https:\/\/www.cordobatimes.com\/showup\/wp-json\/wp\/v2\/media\/110784"}],"wp:attachment":[{"href":"https:\/\/www.cordobatimes.com\/showup\/wp-json\/wp\/v2\/media?parent=110781"}],"wp:term":[{"taxonomy":"category","embeddable":true,"href":"https:\/\/www.cordobatimes.com\/showup\/wp-json\/wp\/v2\/categories?post=110781"},{"taxonomy":"post_tag","embeddable":true,"href":"https:\/\/www.cordobatimes.com\/showup\/wp-json\/wp\/v2\/tags?post=110781"}],"curies":[{"name":"wp","href":"https:\/\/api.w.org\/{rel}","templated":true}]}}