{"id":110775,"date":"2026-04-26T11:13:06","date_gmt":"2026-04-26T14:13:06","guid":{"rendered":"https:\/\/www.cordobatimes.com\/showup\/?p=110775"},"modified":"2026-04-26T11:13:06","modified_gmt":"2026-04-26T14:13:06","slug":"juana-viale-llevo-tranquilidad-sobre-la-salud-de-mirtha-legrand","status":"publish","type":"post","link":"https:\/\/www.cordobatimes.com\/showup\/tv\/2026\/04\/26\/juana-viale-llevo-tranquilidad-sobre-la-salud-de-mirtha-legrand\/","title":{"rendered":"Juana Viale llev\u00f3 tranquilidad sobre la salud de Mirtha Legrand"},"content":{"rendered":"<h3 data-start=\"281\" data-end=\"433\"><strong>En medio de la preocupaci\u00f3n por la ausencia de Mirtha Legrand en su cl\u00e1sico programa, Juana Viale rompi\u00f3 el silencio y aclar\u00f3 c\u00f3mo se encuentra la diva.<\/strong><\/h3>\n<p data-start=\"435\" data-end=\"770\">Durante la \u00faltima emisi\u00f3n de <em data-start=\"464\" data-end=\"484\">La Noche de Mirtha<\/em>, la conductora explic\u00f3 que su abuela atraviesa un cuadro leve de salud y que no hay motivos para alarmarse. \u201cNada grave, nada para alarmar, solo que se estir\u00f3 un poco la gripe y el catarro que tiene\u201d, asegur\u00f3, buscando llevar calma a la audiencia.<\/p>\n<p data-start=\"772\" data-end=\"986\">Adem\u00e1s, revel\u00f3 que estuvo recientemente con ella y que la vio en buen estado: compartieron un t\u00e9 y la not\u00f3 \u201cperfecta\u201d, incluso manteniendo su estilo elegante y activo habitual.<\/p>\n<p data-start=\"988\" data-end=\"1237\">Viale tambi\u00e9n explic\u00f3 que la ausencia de la hist\u00f3rica conductora se debe simplemente a que necesita unos d\u00edas m\u00e1s de reposo para recuperarse completamente. \u201cEst\u00e1 muy bien, pero necesitaba unos d\u00edas m\u00e1s\u201d, agreg\u00f3.<\/p>\n<div style=\"width: 696px;\" class=\"wp-video\"><video class=\"wp-video-shortcode\" id=\"video-110775-1\" width=\"696\" height=\"696\" preload=\"metadata\" controls=\"controls\"><source type=\"video\/mp4\" src=\"http:\/\/www.cordobatimes.com\/showup\/wp-content\/uploads\/2026\/04\/mirtha-legrand.mp4?_=1\" \/><a href=\"http:\/\/www.cordobatimes.com\/showup\/wp-content\/uploads\/2026\/04\/mirtha-legrand.mp4\">http:\/\/www.cordobatimes.com\/showup\/wp-content\/uploads\/2026\/04\/mirtha-legrand.mp4<\/a><\/video><\/div>\n","protected":false},"excerpt":{"rendered":"<p>En medio de la preocupaci\u00f3n por la ausencia de Mirtha Legrand en su cl\u00e1sico programa, Juana Viale rompi\u00f3 el silencio y aclar\u00f3 c\u00f3mo se encuentra la diva. Durante la \u00faltima emisi\u00f3n de La Noche de Mirtha, la conductora explic\u00f3 que su abuela atraviesa un cuadro leve de salud y que no hay motivos para alarmarse. [&hellip;]<\/p>\n","protected":false},"author":24,"featured_media":110778,"comment_status":"closed","ping_status":"closed","sticky":false,"template":"","format":"standard","meta":{"_seopress_robots_primary_cat":"none","_seopress_titles_title":"","_seopress_titles_desc":"","_seopress_robots_index":"","footnotes":""},"categories":[2],"tags":[42610,33492],"class_list":{"0":"post-110775","1":"post","2":"type-post","3":"status-publish","4":"format-standard","5":"has-post-thumbnail","7":"category-tv","8":"tag-juana-viale-mirtha-legrand","9":"tag-salud-de-mirtha-legrand"},"_links":{"self":[{"href":"https:\/\/www.cordobatimes.com\/showup\/wp-json\/wp\/v2\/posts\/110775","targetHints":{"allow":["GET"]}}],"collection":[{"href":"https:\/\/www.cordobatimes.com\/showup\/wp-json\/wp\/v2\/posts"}],"about":[{"href":"https:\/\/www.cordobatimes.com\/showup\/wp-json\/wp\/v2\/types\/post"}],"author":[{"embeddable":true,"href":"https:\/\/www.cordobatimes.com\/showup\/wp-json\/wp\/v2\/users\/24"}],"replies":[{"embeddable":true,"href":"https:\/\/www.cordobatimes.com\/showup\/wp-json\/wp\/v2\/comments?post=110775"}],"version-history":[{"count":1,"href":"https:\/\/www.cordobatimes.com\/showup\/wp-json\/wp\/v2\/posts\/110775\/revisions"}],"predecessor-version":[{"id":110780,"href":"https:\/\/www.cordobatimes.com\/showup\/wp-json\/wp\/v2\/posts\/110775\/revisions\/110780"}],"wp:featuredmedia":[{"embeddable":true,"href":"https:\/\/www.cordobatimes.com\/showup\/wp-json\/wp\/v2\/media\/110778"}],"wp:attachment":[{"href":"https:\/\/www.cordobatimes.com\/showup\/wp-json\/wp\/v2\/media?parent=110775"}],"wp:term":[{"taxonomy":"category","embeddable":true,"href":"https:\/\/www.cordobatimes.com\/showup\/wp-json\/wp\/v2\/categories?post=110775"},{"taxonomy":"post_tag","embeddable":true,"href":"https:\/\/www.cordobatimes.com\/showup\/wp-json\/wp\/v2\/tags?post=110775"}],"curies":[{"name":"wp","href":"https:\/\/api.w.org\/{rel}","templated":true}]}}