{"id":110749,"date":"2026-04-23T17:56:46","date_gmt":"2026-04-23T20:56:46","guid":{"rendered":"https:\/\/www.cordobatimes.com\/showup\/?p=110749"},"modified":"2026-04-23T17:56:46","modified_gmt":"2026-04-23T20:56:46","slug":"todo-el-regreso-de-nada-con-el-ultimo-trabajo-de-brandoni","status":"publish","type":"post","link":"https:\/\/www.cordobatimes.com\/showup\/cine-y-series\/2026\/04\/23\/todo-el-regreso-de-nada-con-el-ultimo-trabajo-de-brandoni\/","title":{"rendered":"\u201cTodo\u201d: el regreso de Nada con el \u00faltimo trabajo de Brandoni"},"content":{"rendered":"<h3 data-start=\"334\" data-end=\"561\"><strong>Los directores Mariano Cohn y Gast\u00f3n Duprat confirmaron que Luis Brandoni alcanz\u00f3 a grabar la segunda temporada de la serie <em data-start=\"468\" data-end=\"474\">Nada<\/em>, titulada <em data-start=\"487\" data-end=\"493\">Todo<\/em>, antes de su fallecimiento.<\/strong><\/h3>\n<p data-start=\"563\" data-end=\"838\">La nueva entrega fue <strong data-start=\"584\" data-end=\"617\">filmada en septiembre de 2025<\/strong> y actualmente se encuentra en etapa de posproducci\u00f3n, lo que garantiza que el actor ser\u00e1 visto nuevamente en pantalla en lo que ya se perfila como un proyecto p\u00f3stumo muy especial.<\/p>\n<h3 data-section-id=\"1qmpbjr\" data-start=\"845\" data-end=\"879\"><strong>Un cierre pensado como homenaje<\/strong><\/h3>\n<p data-start=\"881\" data-end=\"1065\">Lejos de quedar inconclusa, la serie fue concebida como una continuidad directa del universo de <em data-start=\"977\" data-end=\"983\">Nada<\/em>, pero tambi\u00e9n como una especie de despedida del personaje de Manuel Tamayo Prats.<\/p>\n<p data-start=\"1067\" data-end=\"1100\">Seg\u00fan los realizadores, Brandoni:<\/p>\n<ul data-start=\"1101\" data-end=\"1322\">\n<li data-section-id=\"1vjcjun\" data-start=\"1101\" data-end=\"1210\"><strong data-start=\"1103\" data-end=\"1141\">protagoniza nuevamente la historia<\/strong>, acompa\u00f1ado por Majo Cabrera<\/li>\n<li data-section-id=\"ov7y5z\" data-start=\"1211\" data-end=\"1322\">dej\u00f3 este trabajo como \u201c<strong data-start=\"1237\" data-end=\"1265\">su \u00faltimo regalo filmado<\/strong>\u201d para el p\u00fablico<\/li>\n<\/ul>\n<p data-start=\"1324\" data-end=\"1519\">Incluso, desde su concepci\u00f3n, <em data-start=\"1354\" data-end=\"1360\">Todo<\/em> funciona como un cierre del recorrido iniciado en la primera temporada, que hab\u00eda unido a Brandoni con <strong data-start=\"1464\" data-end=\"1482\">Robert De Niro<\/strong> en una dupla inesperada y celebrada.<\/p>\n<h2 data-section-id=\"1qh1nw5\" data-start=\"1526\" data-end=\"1562\"><strong>Cambio de escenario y nueva etapa<\/strong><\/h2>\n<p data-start=\"1564\" data-end=\"1640\">Uno de los grandes giros de esta segunda temporada es el cambio de locaci\u00f3n:<\/p>\n<ul data-start=\"1641\" data-end=\"1822\">\n<li data-section-id=\"yefe8m\" data-start=\"1641\" data-end=\"1701\">La historia se traslada de Buenos Aires a <strong data-start=\"1685\" data-end=\"1699\">Nueva York<\/strong><\/li>\n<li data-section-id=\"54ltq2\" data-start=\"1702\" data-end=\"1822\">El personaje de Brandoni pasa de un entorno de \u201cescasez\u201d a uno de \u201cabundancia\u201d<\/li>\n<\/ul>\n<p data-start=\"1824\" data-end=\"1963\">Este movimiento no solo expande el universo narrativo, sino que tambi\u00e9n refuerza la idea de evoluci\u00f3n del personaje en su \u00faltima aparici\u00f3n.<\/p>\n<h2 data-section-id=\"1ud8yl4\" data-start=\"1970\" data-end=\"1991\"><strong>Estreno y contexto<\/strong><\/h2>\n<p data-start=\"1993\" data-end=\"2187\">Aunque todav\u00eda no hay una fecha confirmada, todo indica que <em data-start=\"2053\" data-end=\"2059\">Todo<\/em> llegar\u00e1 durante <strong data-start=\"2076\" data-end=\"2084\">2026<\/strong> como uno de los estrenos m\u00e1s importantes del a\u00f1o en streaming.<\/p>\n<p data-start=\"2189\" data-end=\"2398\">La serie, que en su primera temporada se destac\u00f3 por su tono \u00edntimo, su mirada sobre la vida cotidiana y su cruce internacional con De Niro, ahora suma un peso emocional inesperado: ser\u00e1 tambi\u00e9n una despedida.<\/p>\n<h2 data-section-id=\"1isdfox\" data-start=\"2405\" data-end=\"2442\"><strong>Un legado que contin\u00faa en pantalla<\/strong><\/h2>\n<p data-start=\"2444\" data-end=\"2692\">Con esta confirmaci\u00f3n, <em data-start=\"2467\" data-end=\"2473\">Todo<\/em> deja de ser solo una segunda temporada para transformarse en un documento art\u00edstico clave:<br data-start=\"2564\" data-end=\"2567\" \/>el \u00faltimo trabajo de uno de los actores m\u00e1s importantes de la cultura argentina, que logr\u00f3 cerrar su carrera frente a c\u00e1mara.<\/p>\n<p data-start=\"2694\" data-end=\"2767\">Y eso, inevitablemente, le da a la serie un valor completamente distinto.<\/p>\n","protected":false},"excerpt":{"rendered":"<p>Los directores Mariano Cohn y Gast\u00f3n Duprat confirmaron que Luis Brandoni alcanz\u00f3 a grabar la segunda temporada de la serie Nada, titulada Todo, antes de su fallecimiento. La nueva entrega fue filmada en septiembre de 2025 y actualmente se encuentra en etapa de posproducci\u00f3n, lo que garantiza que el actor ser\u00e1 visto nuevamente en pantalla [&hellip;]<\/p>\n","protected":false},"author":24,"featured_media":110752,"comment_status":"closed","ping_status":"closed","sticky":false,"template":"","format":"standard","meta":{"_seopress_robots_primary_cat":"none","_seopress_titles_title":"","_seopress_titles_desc":"","_seopress_robots_index":"","footnotes":""},"categories":[3],"tags":[6577,42600,42601,42602,42599,42598],"class_list":{"0":"post-110749","1":"post","2":"type-post","3":"status-publish","4":"format-standard","5":"has-post-thumbnail","7":"category-cine-y-series","8":"tag-luis-brandoni","9":"tag-nada","10":"tag-segunda-temporada-de-la-serie-nada","11":"tag-titulada-todo","12":"tag-todo","13":"tag-ultimo-trabajo-de-brandoni"},"_links":{"self":[{"href":"https:\/\/www.cordobatimes.com\/showup\/wp-json\/wp\/v2\/posts\/110749","targetHints":{"allow":["GET"]}}],"collection":[{"href":"https:\/\/www.cordobatimes.com\/showup\/wp-json\/wp\/v2\/posts"}],"about":[{"href":"https:\/\/www.cordobatimes.com\/showup\/wp-json\/wp\/v2\/types\/post"}],"author":[{"embeddable":true,"href":"https:\/\/www.cordobatimes.com\/showup\/wp-json\/wp\/v2\/users\/24"}],"replies":[{"embeddable":true,"href":"https:\/\/www.cordobatimes.com\/showup\/wp-json\/wp\/v2\/comments?post=110749"}],"version-history":[{"count":1,"href":"https:\/\/www.cordobatimes.com\/showup\/wp-json\/wp\/v2\/posts\/110749\/revisions"}],"predecessor-version":[{"id":110753,"href":"https:\/\/www.cordobatimes.com\/showup\/wp-json\/wp\/v2\/posts\/110749\/revisions\/110753"}],"wp:featuredmedia":[{"embeddable":true,"href":"https:\/\/www.cordobatimes.com\/showup\/wp-json\/wp\/v2\/media\/110752"}],"wp:attachment":[{"href":"https:\/\/www.cordobatimes.com\/showup\/wp-json\/wp\/v2\/media?parent=110749"}],"wp:term":[{"taxonomy":"category","embeddable":true,"href":"https:\/\/www.cordobatimes.com\/showup\/wp-json\/wp\/v2\/categories?post=110749"},{"taxonomy":"post_tag","embeddable":true,"href":"https:\/\/www.cordobatimes.com\/showup\/wp-json\/wp\/v2\/tags?post=110749"}],"curies":[{"name":"wp","href":"https:\/\/api.w.org\/{rel}","templated":true}]}}