{"id":109535,"date":"2026-03-16T11:13:26","date_gmt":"2026-03-16T14:13:26","guid":{"rendered":"https:\/\/www.cordobatimes.com\/showup\/?p=109535"},"modified":"2026-03-16T11:13:26","modified_gmt":"2026-03-16T14:13:26","slug":"conan-obrien-saludo-a-argentina-en-los-oscars-2026","status":"publish","type":"post","link":"https:\/\/www.cordobatimes.com\/showup\/espectaculos\/2026\/03\/16\/conan-obrien-saludo-a-argentina-en-los-oscars-2026\/","title":{"rendered":"Conan O\u2019Brien salud\u00f3 a Argentina en los Oscars 2026"},"content":{"rendered":"<h3 data-start=\"257\" data-end=\"464\"><strong>Durante la apertura de la gala de los Oscar 2026, el conductor de la ceremonia, Conan O\u2019Brien, protagoniz\u00f3 uno de los momentos m\u00e1s comentados de la noche al dirigirse directamente al p\u00fablico hispanohablante.<\/strong><\/h3>\n<p data-start=\"466\" data-end=\"813\">En medio de su mon\u00f3logo inicial, el comediante decidi\u00f3 hablar en espa\u00f1ol y lanz\u00f3 un saludo especial a quienes segu\u00edan la transmisi\u00f3n desde distintos lugares del mundo. \u201cSi nos est\u00e1s viendo desde Espa\u00f1a\u2026 hola, estos son los Oscar\u201d, dijo, antes de extender el gui\u00f1o a otros lugares como Argentina y Los \u00c1ngeles.<\/p>\n<p data-start=\"815\" data-end=\"1018\">El gesto gener\u00f3 sorpresa y entusiasmo entre los espectadores latinoamericanos, ya que no es habitual que el conductor de la gala mencione espec\u00edficamente a pa\u00edses de habla hispana durante la transmisi\u00f3n.<\/p>\n<p data-start=\"1020\" data-end=\"1356\">La ceremonia, celebrada el 15 de marzo de 2026 en el Dolby Theatre de Hollywood, tuvo a Conan O\u2019Brien como anfitri\u00f3n por segundo a\u00f1o consecutivo. El presentador llev\u00f3 adelante la gala con su estilo caracter\u00edstico, combinando humor, referencias culturales y comentarios sobre la actualidad del cine.<\/p>\n<div style=\"width: 696px;\" class=\"wp-video\"><video class=\"wp-video-shortcode\" id=\"video-109535-1\" width=\"696\" height=\"1237\" preload=\"metadata\" controls=\"controls\"><source type=\"video\/mp4\" src=\"http:\/\/www.cordobatimes.com\/showup\/wp-content\/uploads\/2026\/03\/revistagenteok.mp4?_=1\" \/><a href=\"http:\/\/www.cordobatimes.com\/showup\/wp-content\/uploads\/2026\/03\/revistagenteok.mp4\">http:\/\/www.cordobatimes.com\/showup\/wp-content\/uploads\/2026\/03\/revistagenteok.mp4<\/a><\/video><\/div>\n","protected":false},"excerpt":{"rendered":"<p>Durante la apertura de la gala de los Oscar 2026, el conductor de la ceremonia, Conan O\u2019Brien, protagoniz\u00f3 uno de los momentos m\u00e1s comentados de la noche al dirigirse directamente al p\u00fablico hispanohablante. En medio de su mon\u00f3logo inicial, el comediante decidi\u00f3 hablar en espa\u00f1ol y lanz\u00f3 un saludo especial a quienes segu\u00edan la transmisi\u00f3n [&hellip;]<\/p>\n","protected":false},"author":24,"featured_media":109538,"comment_status":"closed","ping_status":"closed","sticky":false,"template":"","format":"standard","meta":{"_seopress_robots_primary_cat":"none","_seopress_titles_title":"","_seopress_titles_desc":"","_seopress_robots_index":"","footnotes":""},"categories":[12967,10],"tags":[42170,42169,42171],"class_list":{"0":"post-109535","1":"post","2":"type-post","3":"status-publish","4":"format-standard","5":"has-post-thumbnail","7":"category-destacada","8":"category-espectaculos","9":"tag-argentina-en-los-oscars-2026","10":"tag-conan-obrien-saludo-a-argentina","11":"tag-oscars-2026"},"_links":{"self":[{"href":"https:\/\/www.cordobatimes.com\/showup\/wp-json\/wp\/v2\/posts\/109535","targetHints":{"allow":["GET"]}}],"collection":[{"href":"https:\/\/www.cordobatimes.com\/showup\/wp-json\/wp\/v2\/posts"}],"about":[{"href":"https:\/\/www.cordobatimes.com\/showup\/wp-json\/wp\/v2\/types\/post"}],"author":[{"embeddable":true,"href":"https:\/\/www.cordobatimes.com\/showup\/wp-json\/wp\/v2\/users\/24"}],"replies":[{"embeddable":true,"href":"https:\/\/www.cordobatimes.com\/showup\/wp-json\/wp\/v2\/comments?post=109535"}],"version-history":[{"count":1,"href":"https:\/\/www.cordobatimes.com\/showup\/wp-json\/wp\/v2\/posts\/109535\/revisions"}],"predecessor-version":[{"id":109540,"href":"https:\/\/www.cordobatimes.com\/showup\/wp-json\/wp\/v2\/posts\/109535\/revisions\/109540"}],"wp:featuredmedia":[{"embeddable":true,"href":"https:\/\/www.cordobatimes.com\/showup\/wp-json\/wp\/v2\/media\/109538"}],"wp:attachment":[{"href":"https:\/\/www.cordobatimes.com\/showup\/wp-json\/wp\/v2\/media?parent=109535"}],"wp:term":[{"taxonomy":"category","embeddable":true,"href":"https:\/\/www.cordobatimes.com\/showup\/wp-json\/wp\/v2\/categories?post=109535"},{"taxonomy":"post_tag","embeddable":true,"href":"https:\/\/www.cordobatimes.com\/showup\/wp-json\/wp\/v2\/tags?post=109535"}],"curies":[{"name":"wp","href":"https:\/\/api.w.org\/{rel}","templated":true}]}}