{"id":109529,"date":"2026-03-16T10:15:04","date_gmt":"2026-03-16T13:15:04","guid":{"rendered":"https:\/\/www.cordobatimes.com\/showup\/?p=109529"},"modified":"2026-03-16T10:15:04","modified_gmt":"2026-03-16T13:15:04","slug":"anne-hathaway-y-anna-wintour-recrearon-el-diablo-viste-a-la-moda-en-los-oscars-2026","status":"publish","type":"post","link":"https:\/\/www.cordobatimes.com\/showup\/espectaculos\/2026\/03\/16\/anne-hathaway-y-anna-wintour-recrearon-el-diablo-viste-a-la-moda-en-los-oscars-2026\/","title":{"rendered":"Anne Hathaway y Anna Wintour recrearon \u201cEl diablo viste a la Moda\u201d en los Oscars 2026"},"content":{"rendered":"<h3 data-start=\"222\" data-end=\"533\"><strong>La ceremonia de los <span class=\"hover:entity-accent entity-underline inline cursor-pointer align-baseline\"><span class=\"whitespace-normal\">Premios \u00d3scar 2026<\/span><\/span> dej\u00f3 uno de los momentos m\u00e1s comentados de la noche cuando <span class=\"hover:entity-accent entity-underline inline cursor-pointer align-baseline\"><span class=\"whitespace-normal\">Anne Hathaway<\/span><\/span> y <span class=\"hover:entity-accent entity-underline inline cursor-pointer align-baseline\"><span class=\"whitespace-normal\">Anna Wintour<\/span><\/span> subieron juntas al escenario para presentar los premios a Mejor Dise\u00f1o de Vestuario y Mejor Maquillaje y Peluquer\u00eda.<\/strong><\/h3>\n<p data-start=\"535\" data-end=\"832\">La actriz y la hist\u00f3rica editora de <span class=\"hover:entity-accent entity-underline inline cursor-pointer align-baseline\"><span class=\"whitespace-normal\">Vogue<\/span><\/span> protagonizaron un divertido gui\u00f1o a la pel\u00edcula <span class=\"hover:entity-accent entity-underline inline cursor-pointer align-baseline\"><span class=\"whitespace-normal\">El diablo viste a la moda <\/span><\/span>, donde Hathaway interpret\u00f3 a la periodista Andy Sachs, asistente del poderoso personaje Miranda Priestly, inspirado en la propia Wintour.<\/p>\n<p data-start=\"834\" data-end=\"1274\">Durante la presentaci\u00f3n, Hathaway brome\u00f3 al preguntarle a Wintour si aprobaba su vestido para la ceremonia. La respuesta de la editora fue breve y con su caracter\u00edstico tono ir\u00f3nico, recordando el estilo del personaje Miranda Priestly. Luego remat\u00f3 el momento con un \u201cGracias, Emily\u201d, en referencia al personaje interpretado por Emily Blunt en la pel\u00edcula, lo que provoc\u00f3 risas y aplausos en el teatro.<\/p>\n<p data-start=\"1276\" data-end=\"1406\">El momento se volvi\u00f3 r\u00e1pidamente viral por la qu\u00edmica entre ambas y por la clara referencia al cl\u00e1sico del cine estrenado en 2006.<\/p>\n<p data-start=\"1408\" data-end=\"1633\">En la alfombra roja, Hathaway luci\u00f3 un vestido floral de Valentino acompa\u00f1ado de joyas de Bulgari, mientras que Wintour opt\u00f3 por un elegante conjunto de Dior y sus ic\u00f3nicas gafas oscuras.<\/p>\n<p data-start=\"1635\" data-end=\"1950\">Adem\u00e1s del gui\u00f1o cinematogr\u00e1fico, la escena tambi\u00e9n llega en un momento clave: este a\u00f1o se estrenar\u00e1 la secuela de la pel\u00edcula, que reunir\u00e1 nuevamente a gran parte del elenco original, lo que aument\u00f3 la nostalgia entre los fans de la historia ambientada en el mundo de la moda.<\/p>\n<div style=\"width: 696px;\" class=\"wp-video\"><video class=\"wp-video-shortcode\" id=\"video-109529-1\" width=\"696\" height=\"1237\" preload=\"metadata\" controls=\"controls\"><source type=\"video\/mp4\" src=\"http:\/\/www.cordobatimes.com\/showup\/wp-content\/uploads\/2026\/03\/showuprevista-2.mp4?_=1\" \/><a href=\"http:\/\/www.cordobatimes.com\/showup\/wp-content\/uploads\/2026\/03\/showuprevista-2.mp4\">http:\/\/www.cordobatimes.com\/showup\/wp-content\/uploads\/2026\/03\/showuprevista-2.mp4<\/a><\/video><\/div>\n","protected":false},"excerpt":{"rendered":"<p>La ceremonia de los Premios \u00d3scar 2026 dej\u00f3 uno de los momentos m\u00e1s comentados de la noche cuando Anne Hathaway y Anna Wintour subieron juntas al escenario para presentar los premios a Mejor Dise\u00f1o de Vestuario y Mejor Maquillaje y Peluquer\u00eda. La actriz y la hist\u00f3rica editora de Vogue protagonizaron un divertido gui\u00f1o a la [&hellip;]<\/p>\n","protected":false},"author":24,"featured_media":109532,"comment_status":"closed","ping_status":"closed","sticky":false,"template":"","format":"standard","meta":{"_seopress_robots_primary_cat":"none","_seopress_titles_title":"","_seopress_titles_desc":"","_seopress_robots_index":"","footnotes":""},"categories":[12967,10],"tags":[42166,42167,38925,42168],"class_list":{"0":"post-109529","1":"post","2":"type-post","3":"status-publish","4":"format-standard","5":"has-post-thumbnail","7":"category-destacada","8":"category-espectaculos","9":"tag-anne-hathaway-y-anna-wintour","10":"tag-anne-hathaway-y-anna-wintour-premios-oscar-2026","11":"tag-el-diablo-viste-a-la-moda","12":"tag-premios-oscar-2026"},"_links":{"self":[{"href":"https:\/\/www.cordobatimes.com\/showup\/wp-json\/wp\/v2\/posts\/109529","targetHints":{"allow":["GET"]}}],"collection":[{"href":"https:\/\/www.cordobatimes.com\/showup\/wp-json\/wp\/v2\/posts"}],"about":[{"href":"https:\/\/www.cordobatimes.com\/showup\/wp-json\/wp\/v2\/types\/post"}],"author":[{"embeddable":true,"href":"https:\/\/www.cordobatimes.com\/showup\/wp-json\/wp\/v2\/users\/24"}],"replies":[{"embeddable":true,"href":"https:\/\/www.cordobatimes.com\/showup\/wp-json\/wp\/v2\/comments?post=109529"}],"version-history":[{"count":1,"href":"https:\/\/www.cordobatimes.com\/showup\/wp-json\/wp\/v2\/posts\/109529\/revisions"}],"predecessor-version":[{"id":109534,"href":"https:\/\/www.cordobatimes.com\/showup\/wp-json\/wp\/v2\/posts\/109529\/revisions\/109534"}],"wp:featuredmedia":[{"embeddable":true,"href":"https:\/\/www.cordobatimes.com\/showup\/wp-json\/wp\/v2\/media\/109532"}],"wp:attachment":[{"href":"https:\/\/www.cordobatimes.com\/showup\/wp-json\/wp\/v2\/media?parent=109529"}],"wp:term":[{"taxonomy":"category","embeddable":true,"href":"https:\/\/www.cordobatimes.com\/showup\/wp-json\/wp\/v2\/categories?post=109529"},{"taxonomy":"post_tag","embeddable":true,"href":"https:\/\/www.cordobatimes.com\/showup\/wp-json\/wp\/v2\/tags?post=109529"}],"curies":[{"name":"wp","href":"https:\/\/api.w.org\/{rel}","templated":true}]}}