{"id":109523,"date":"2026-03-16T09:36:51","date_gmt":"2026-03-16T12:36:51","guid":{"rendered":"https:\/\/www.cordobatimes.com\/showup\/?p=109523"},"modified":"2026-03-16T09:36:51","modified_gmt":"2026-03-16T12:36:51","slug":"tras-la-expulsion-de-carmina-jessica-la-maciel-ingreso-a-gran-hermano-generacion-dorada","status":"publish","type":"post","link":"https:\/\/www.cordobatimes.com\/showup\/tv\/2026\/03\/16\/tras-la-expulsion-de-carmina-jessica-la-maciel-ingreso-a-gran-hermano-generacion-dorada\/","title":{"rendered":"Tras la expulsi\u00f3n de Carmi\u00f1a, Jessica \u201cLa Maciel\u201d ingres\u00f3 a Gran Hermano Generaci\u00f3n Dorada"},"content":{"rendered":"<h3><strong>La casa de Gran Hermano Generaci\u00f3n Dorada volvi\u00f3 a sacudirse este domingo 15 de marzo con la entrada de una nueva participante. Tras la expulsi\u00f3n de Carmi\u00f1a Masi, la producci\u00f3n del reality decidi\u00f3 ocupar su lugar con Jessica \u201cLa Maciel\u201d Maciel, una creadora de contenido muy conocida en redes sociales.<\/strong><\/h3>\n<p>La salida de Carmi\u00f1a se produjo luego de la pol\u00e9mica generada por comentarios racistas dirigidos contra otra participante, lo que llev\u00f3 al programa a tomar la decisi\u00f3n de expulsarla del juego.<\/p>\n<p>El ingreso de La Maciel no pas\u00f3 desapercibido. La influencer sorprendi\u00f3 al entrar a la casa con una m\u00e1scara de perro, un gesto que r\u00e1pidamente llam\u00f3 la atenci\u00f3n de sus nuevos compa\u00f1eros y de los seguidores del programa. Minutos despu\u00e9s se quit\u00f3 la m\u00e1scara y comenz\u00f3 a presentarse con el resto del grupo.<\/p>\n<p>Jessica Maciel se hizo conocida en internet por su contenido humor\u00edstico y su fuerte presencia en redes, especialmente en TikTok. Adem\u00e1s, tambi\u00e9n desarrolla una faceta art\u00edstica vinculada a la m\u00fasica y el espect\u00e1culo.<\/p>\n<p>En su primera presentaci\u00f3n dentro de la casa dej\u00f3 una frase que sorprendi\u00f3 a varios jugadores: asegur\u00f3 que no entra con una estrategia agresiva, sino con la intenci\u00f3n de conocer a los participantes y disfrutar la experiencia.<\/p>\n<div style=\"width: 696px;\" class=\"wp-video\"><video class=\"wp-video-shortcode\" id=\"video-109523-1\" width=\"696\" height=\"1237\" preload=\"metadata\" controls=\"controls\"><source type=\"video\/mp4\" src=\"http:\/\/www.cordobatimes.com\/showup\/wp-content\/uploads\/2026\/03\/streamstelefe.mp4?_=1\" \/><a href=\"http:\/\/www.cordobatimes.com\/showup\/wp-content\/uploads\/2026\/03\/streamstelefe.mp4\">http:\/\/www.cordobatimes.com\/showup\/wp-content\/uploads\/2026\/03\/streamstelefe.mp4<\/a><\/video><\/div>\n","protected":false},"excerpt":{"rendered":"<p>La casa de Gran Hermano Generaci\u00f3n Dorada volvi\u00f3 a sacudirse este domingo 15 de marzo con la entrada de una nueva participante. Tras la expulsi\u00f3n de Carmi\u00f1a Masi, la producci\u00f3n del reality decidi\u00f3 ocupar su lugar con Jessica \u201cLa Maciel\u201d Maciel, una creadora de contenido muy conocida en redes sociales. La salida de Carmi\u00f1a se [&hellip;]<\/p>\n","protected":false},"author":24,"featured_media":109526,"comment_status":"closed","ping_status":"closed","sticky":false,"template":"","format":"standard","meta":{"_seopress_robots_primary_cat":"none","_seopress_titles_title":"","_seopress_titles_desc":"","_seopress_robots_index":"","footnotes":""},"categories":[2],"tags":[41350,42165],"class_list":{"0":"post-109523","1":"post","2":"type-post","3":"status-publish","4":"format-standard","5":"has-post-thumbnail","7":"category-tv","8":"tag-gran-hermano-generacion-dorada","9":"tag-jessica-la-maciel-ingreso-a-gran-hermano-generacion-dorada"},"_links":{"self":[{"href":"https:\/\/www.cordobatimes.com\/showup\/wp-json\/wp\/v2\/posts\/109523","targetHints":{"allow":["GET"]}}],"collection":[{"href":"https:\/\/www.cordobatimes.com\/showup\/wp-json\/wp\/v2\/posts"}],"about":[{"href":"https:\/\/www.cordobatimes.com\/showup\/wp-json\/wp\/v2\/types\/post"}],"author":[{"embeddable":true,"href":"https:\/\/www.cordobatimes.com\/showup\/wp-json\/wp\/v2\/users\/24"}],"replies":[{"embeddable":true,"href":"https:\/\/www.cordobatimes.com\/showup\/wp-json\/wp\/v2\/comments?post=109523"}],"version-history":[{"count":1,"href":"https:\/\/www.cordobatimes.com\/showup\/wp-json\/wp\/v2\/posts\/109523\/revisions"}],"predecessor-version":[{"id":109528,"href":"https:\/\/www.cordobatimes.com\/showup\/wp-json\/wp\/v2\/posts\/109523\/revisions\/109528"}],"wp:featuredmedia":[{"embeddable":true,"href":"https:\/\/www.cordobatimes.com\/showup\/wp-json\/wp\/v2\/media\/109526"}],"wp:attachment":[{"href":"https:\/\/www.cordobatimes.com\/showup\/wp-json\/wp\/v2\/media?parent=109523"}],"wp:term":[{"taxonomy":"category","embeddable":true,"href":"https:\/\/www.cordobatimes.com\/showup\/wp-json\/wp\/v2\/categories?post=109523"},{"taxonomy":"post_tag","embeddable":true,"href":"https:\/\/www.cordobatimes.com\/showup\/wp-json\/wp\/v2\/tags?post=109523"}],"curies":[{"name":"wp","href":"https:\/\/api.w.org\/{rel}","templated":true}]}}