{"id":109511,"date":"2026-03-16T08:44:16","date_gmt":"2026-03-16T11:44:16","guid":{"rendered":"https:\/\/www.cordobatimes.com\/showup\/?p=109511"},"modified":"2026-03-16T08:44:16","modified_gmt":"2026-03-16T11:44:16","slug":"emilia-attias-quedo-eliminada-de-masterchef-celebrity-y-se-definieron-los-semifinalistas","status":"publish","type":"post","link":"https:\/\/www.cordobatimes.com\/showup\/tv\/2026\/03\/16\/emilia-attias-quedo-eliminada-de-masterchef-celebrity-y-se-definieron-los-semifinalistas\/","title":{"rendered":"Emilia Attias qued\u00f3 eliminada de MasterChef Celebrity y se definieron los semifinalistas"},"content":{"rendered":"<h3 data-start=\"94\" data-end=\"333\"><strong>La actriz <span class=\"hover:entity-accent entity-underline inline cursor-pointer align-baseline\"><span class=\"whitespace-normal\">Emilia Attias<\/span><\/span> se convirti\u00f3 en la nueva eliminada de <span class=\"hover:entity-accent entity-underline inline cursor-pointer align-baseline\"><span class=\"whitespace-normal\">MasterChef Celebrity Argentina<\/span><\/span> durante la gala emitida el domingo 15 de marzo de 2026, a pocas semanas de la gran final del reality culinario.<\/strong><\/h3>\n<p data-start=\"335\" data-end=\"617\">La jornada estuvo marcada por un <strong data-start=\"368\" data-end=\"402\">exigente desaf\u00edo de pasteler\u00eda<\/strong>. Los participantes deb\u00edan preparar una <strong data-start=\"442\" data-end=\"459\">torta macaron<\/strong>, una de las pruebas m\u00e1s complejas de la temporada, que requer\u00eda precisi\u00f3n en las texturas, equilibrio en los rellenos y una correcta estructura en el armado.<\/p>\n<p data-start=\"619\" data-end=\"853\">Durante la prueba, Attias tuvo dificultades t\u00e9cnicas con la preparaci\u00f3n. Seg\u00fan evalu\u00f3 el jurado, el postre present\u00f3 problemas en la consistencia y en la ejecuci\u00f3n de los macarons, lo que termin\u00f3 afectando el resultado final del plato.<\/p>\n<p data-start=\"855\" data-end=\"1093\">Tras la degustaci\u00f3n y la deliberaci\u00f3n del jurado, integrado por <span class=\"hover:entity-accent entity-underline inline cursor-pointer align-baseline\"><span class=\"whitespace-normal\">Dami\u00e1n Betular<\/span><\/span>, <span class=\"hover:entity-accent entity-underline inline cursor-pointer align-baseline\"><span class=\"whitespace-normal\">Donato De Santis<\/span><\/span> y <span class=\"hover:entity-accent entity-underline inline cursor-pointer align-baseline\"><span class=\"whitespace-normal\">Germ\u00e1n Martitegui<\/span><\/span>, se anunci\u00f3 que la actriz deb\u00eda abandonar la competencia.<\/p>\n<p data-start=\"1095\" data-end=\"1375\">Antes de retirarse de la cocina m\u00e1s famosa del pa\u00eds, Attias se mostr\u00f3 emocionada y agradecida por la experiencia. La actriz destac\u00f3 que el programa le permiti\u00f3 <strong data-start=\"1255\" data-end=\"1325\">aprender nuevas t\u00e9cnicas y reconectar con su inter\u00e9s por la cocina<\/strong>, adem\u00e1s de compartir momentos con sus compa\u00f1eros.<\/p>\n<p data-start=\"1377\" data-end=\"1683\">Con su salida, quedaron definidos los <strong data-start=\"1415\" data-end=\"1440\">cuatro semifinalistas<\/strong> de la temporada: <span class=\"hover:entity-accent entity-underline inline cursor-pointer align-baseline\"><span class=\"whitespace-normal\">Maxi L\u00f3pez<\/span><\/span>, <span class=\"hover:entity-accent entity-underline inline cursor-pointer align-baseline\"><span class=\"whitespace-normal\">Ian Lucas<\/span><\/span>, <span class=\"hover:entity-accent entity-underline inline cursor-pointer align-baseline\"><span class=\"whitespace-normal\">Claudio Husa\u00edn<\/span><\/span> y <span class=\"hover:entity-accent entity-underline inline cursor-pointer align-baseline\"><span class=\"whitespace-normal\">Sof\u00eda Gonet<\/span><\/span>, quienes contin\u00faan en carrera por el t\u00edtulo del reality gastron\u00f3mico.<\/p>\n<p>La actriz Emilia Attias se convirti\u00f3 en la nueva eliminada de MasterChef Celebrity Argentina durante la gala emitida el domingo 15 de marzo de 2026, a pocas semanas de la gran final del reality culinario.<\/p>\n<p>La jornada estuvo marcada por un exigente desaf\u00edo de pasteler\u00eda. Los participantes deb\u00edan preparar una torta macaron, una de las pruebas m\u00e1s complejas de la temporada, que requer\u00eda precisi\u00f3n en las texturas, equilibrio en los rellenos y una correcta estructura en el armado.<\/p>\n<p>Durante la prueba, Attias tuvo dificultades t\u00e9cnicas con la preparaci\u00f3n. Seg\u00fan evalu\u00f3 el jurado, el postre present\u00f3 problemas en la consistencia y en la ejecuci\u00f3n de los macarons, lo que termin\u00f3 afectando el resultado final del plato.<\/p>\n<p>Tras la degustaci\u00f3n y la deliberaci\u00f3n del jurado, integrado por Dami\u00e1n Betular, Donato De Santis y Germ\u00e1n Martitegui, se anunci\u00f3 que la actriz deb\u00eda abandonar la competencia.<\/p>\n<p>Antes de retirarse de la cocina m\u00e1s famosa del pa\u00eds, Attias se mostr\u00f3 emocionada y agradecida por la experiencia. La actriz destac\u00f3 que el programa le permiti\u00f3 aprender nuevas t\u00e9cnicas y reconectar con su inter\u00e9s por la cocina, adem\u00e1s de compartir momentos con sus compa\u00f1eros.<\/p>\n<p>Con su salida, quedaron definidos los cuatro semifinalistas de la temporada: Maxi L\u00f3pez, Ian Lucas, Claudio Husa\u00edn y Sof\u00eda Gonet, quienes contin\u00faan en carrera por el t\u00edtulo del reality gastron\u00f3mico.<\/p>\n<div style=\"width: 696px;\" class=\"wp-video\"><video class=\"wp-video-shortcode\" id=\"video-109511-1\" width=\"696\" height=\"392\" preload=\"metadata\" controls=\"controls\"><source type=\"video\/mp4\" src=\"http:\/\/www.cordobatimes.com\/showup\/wp-content\/uploads\/2026\/03\/masterchefargentina-2.mp4?_=1\" \/><a href=\"http:\/\/www.cordobatimes.com\/showup\/wp-content\/uploads\/2026\/03\/masterchefargentina-2.mp4\">http:\/\/www.cordobatimes.com\/showup\/wp-content\/uploads\/2026\/03\/masterchefargentina-2.mp4<\/a><\/video><\/div>\n","protected":false},"excerpt":{"rendered":"<p>La actriz Emilia Attias se convirti\u00f3 en la nueva eliminada de MasterChef Celebrity Argentina durante la gala emitida el domingo 15 de marzo de 2026, a pocas semanas de la gran final del reality culinario. La jornada estuvo marcada por un exigente desaf\u00edo de pasteler\u00eda. Los participantes deb\u00edan preparar una torta macaron, una de las [&hellip;]<\/p>\n","protected":false},"author":24,"featured_media":109514,"comment_status":"closed","ping_status":"closed","sticky":false,"template":"","format":"standard","meta":{"_seopress_robots_primary_cat":"none","_seopress_titles_title":"","_seopress_titles_desc":"","_seopress_robots_index":"","footnotes":""},"categories":[2],"tags":[42161,42160,40692],"class_list":{"0":"post-109511","1":"post","2":"type-post","3":"status-publish","4":"format-standard","5":"has-post-thumbnail","7":"category-tv","8":"tag-emilia-attias-masterchef-celebrity","9":"tag-emilia-attias-quedo-eliminada-de-masterchef-celebrity","10":"tag-masterchef-celebrity"},"_links":{"self":[{"href":"https:\/\/www.cordobatimes.com\/showup\/wp-json\/wp\/v2\/posts\/109511","targetHints":{"allow":["GET"]}}],"collection":[{"href":"https:\/\/www.cordobatimes.com\/showup\/wp-json\/wp\/v2\/posts"}],"about":[{"href":"https:\/\/www.cordobatimes.com\/showup\/wp-json\/wp\/v2\/types\/post"}],"author":[{"embeddable":true,"href":"https:\/\/www.cordobatimes.com\/showup\/wp-json\/wp\/v2\/users\/24"}],"replies":[{"embeddable":true,"href":"https:\/\/www.cordobatimes.com\/showup\/wp-json\/wp\/v2\/comments?post=109511"}],"version-history":[{"count":1,"href":"https:\/\/www.cordobatimes.com\/showup\/wp-json\/wp\/v2\/posts\/109511\/revisions"}],"predecessor-version":[{"id":109516,"href":"https:\/\/www.cordobatimes.com\/showup\/wp-json\/wp\/v2\/posts\/109511\/revisions\/109516"}],"wp:featuredmedia":[{"embeddable":true,"href":"https:\/\/www.cordobatimes.com\/showup\/wp-json\/wp\/v2\/media\/109514"}],"wp:attachment":[{"href":"https:\/\/www.cordobatimes.com\/showup\/wp-json\/wp\/v2\/media?parent=109511"}],"wp:term":[{"taxonomy":"category","embeddable":true,"href":"https:\/\/www.cordobatimes.com\/showup\/wp-json\/wp\/v2\/categories?post=109511"},{"taxonomy":"post_tag","embeddable":true,"href":"https:\/\/www.cordobatimes.com\/showup\/wp-json\/wp\/v2\/tags?post=109511"}],"curies":[{"name":"wp","href":"https:\/\/api.w.org\/{rel}","templated":true}]}}