{"id":109447,"date":"2026-03-14T13:38:32","date_gmt":"2026-03-14T16:38:32","guid":{"rendered":"https:\/\/www.cordobatimes.com\/showup\/?p=109447"},"modified":"2026-03-14T13:38:32","modified_gmt":"2026-03-14T16:38:32","slug":"rosalia-se-disculpo-tras-la-polemica-por-sus-dichos-sobre-pablo-picasso","status":"publish","type":"post","link":"https:\/\/www.cordobatimes.com\/showup\/espectaculos\/2026\/03\/14\/rosalia-se-disculpo-tras-la-polemica-por-sus-dichos-sobre-pablo-picasso\/","title":{"rendered":"Rosal\u00eda se disculp\u00f3 tras la pol\u00e9mica por sus dichos sobre Pablo Picasso"},"content":{"rendered":"<h3 data-start=\"77\" data-end=\"287\"><strong><span class=\"hover:entity-accent entity-underline inline cursor-pointer align-baseline\"><span class=\"whitespace-normal\">Rosal\u00eda<\/span><\/span> public\u00f3 un comunicado para aclarar sus declaraciones sobre <span class=\"hover:entity-accent entity-underline inline cursor-pointer align-baseline\"><span class=\"whitespace-normal\">Pablo Picasso<\/span><\/span>, luego de que sus palabras generaran una fuerte pol\u00e9mica en redes sociales.<\/strong><\/h3>\n<p data-start=\"289\" data-end=\"627\">La controversia comenz\u00f3 durante una charla organizada por <span class=\"hover:entity-accent entity-underline inline cursor-pointer align-baseline\"><span class=\"whitespace-normal\">Spotify<\/span><\/span> en la que la cantante convers\u00f3 con la escritora argentina <span class=\"hover:entity-accent entity-underline inline cursor-pointer align-baseline\"><span class=\"whitespace-normal\">Mariana Enr\u00edquez<\/span><\/span>. En ese encuentro, Rosal\u00eda afirm\u00f3 que a ella \u201cnunca le ha molestado diferenciar al artista de la obra\u201d, al referirse al reconocido pintor espa\u00f1ol.<\/p>\n<p data-start=\"629\" data-end=\"904\">La frase provoc\u00f3 cr\u00edticas de usuarios y especialistas que recordaron las acusaciones hist\u00f3ricas de maltrato hacia varias de las parejas de Picasso. A partir de eso, se abri\u00f3 nuevamente el debate sobre si es posible separar la obra de un artista de su comportamiento personal.<\/p>\n<p data-start=\"906\" data-end=\"1137\">Frente a la repercusi\u00f3n, Rosal\u00eda decidi\u00f3 responder a trav\u00e9s de un video publicado en sus redes sociales. En el mensaje, la artista reconoci\u00f3 que habl\u00f3 sin conocer en profundidad el contexto hist\u00f3rico que rodea la figura del pintor.<\/p>\n<p data-start=\"1139\" data-end=\"1389\">\u201cMe he equivocado, ten\u00e9is raz\u00f3n\u201d, expres\u00f3 la cantante, quien admiti\u00f3 que su comentario surgi\u00f3 en medio de una conversaci\u00f3n y que no estaba informada sobre las denuncias y testimonios que cuestionan la conducta de Picasso en sus relaciones personales.<\/p>\n<p data-start=\"1391\" data-end=\"1537\">En su comunicado, tambi\u00e9n agradeci\u00f3 a las personas que le se\u00f1alaron el tema y asegur\u00f3 que este tipo de situaciones le permiten seguir aprendiendo.<\/p>\n<p data-start=\"1539\" data-end=\"1826\">Adem\u00e1s, la int\u00e9rprete aprovech\u00f3 para explicar su relaci\u00f3n con el feminismo. Seg\u00fan dijo, su m\u00fasica y su mirada art\u00edstica est\u00e1n atravesadas por valores feministas, aunque en ocasiones le cuesta definirse p\u00fablicamente dentro del movimiento por temor a no representarlo de la forma adecuada.<\/p>\n<div style=\"width: 480px;\" class=\"wp-video\"><video class=\"wp-video-shortcode\" id=\"video-109447-1\" width=\"480\" height=\"852\" preload=\"metadata\" controls=\"controls\"><source type=\"video\/mp4\" src=\"http:\/\/www.cordobatimes.com\/showup\/wp-content\/uploads\/2026\/03\/ssstwitter.com_1773503927890.mp4?_=1\" \/><a href=\"http:\/\/www.cordobatimes.com\/showup\/wp-content\/uploads\/2026\/03\/ssstwitter.com_1773503927890.mp4\">http:\/\/www.cordobatimes.com\/showup\/wp-content\/uploads\/2026\/03\/ssstwitter.com_1773503927890.mp4<\/a><\/video><\/div>\n","protected":false},"excerpt":{"rendered":"<p>Rosal\u00eda public\u00f3 un comunicado para aclarar sus declaraciones sobre Pablo Picasso, luego de que sus palabras generaran una fuerte pol\u00e9mica en redes sociales. La controversia comenz\u00f3 durante una charla organizada por Spotify en la que la cantante convers\u00f3 con la escritora argentina Mariana Enr\u00edquez. En ese encuentro, Rosal\u00eda afirm\u00f3 que a ella \u201cnunca le ha [&hellip;]<\/p>\n","protected":false},"author":24,"featured_media":109450,"comment_status":"closed","ping_status":"closed","sticky":false,"template":"","format":"standard","meta":{"_seopress_robots_primary_cat":"none","_seopress_titles_title":"","_seopress_titles_desc":"","_seopress_robots_index":"","footnotes":""},"categories":[10],"tags":[42142,42141,42143],"class_list":{"0":"post-109447","1":"post","2":"type-post","3":"status-publish","4":"format-standard","5":"has-post-thumbnail","7":"category-espectaculos","8":"tag-descargo-de-rosalia","9":"tag-disculpas-rosalia","10":"tag-rosalia-pablo-picasso"},"_links":{"self":[{"href":"https:\/\/www.cordobatimes.com\/showup\/wp-json\/wp\/v2\/posts\/109447","targetHints":{"allow":["GET"]}}],"collection":[{"href":"https:\/\/www.cordobatimes.com\/showup\/wp-json\/wp\/v2\/posts"}],"about":[{"href":"https:\/\/www.cordobatimes.com\/showup\/wp-json\/wp\/v2\/types\/post"}],"author":[{"embeddable":true,"href":"https:\/\/www.cordobatimes.com\/showup\/wp-json\/wp\/v2\/users\/24"}],"replies":[{"embeddable":true,"href":"https:\/\/www.cordobatimes.com\/showup\/wp-json\/wp\/v2\/comments?post=109447"}],"version-history":[{"count":1,"href":"https:\/\/www.cordobatimes.com\/showup\/wp-json\/wp\/v2\/posts\/109447\/revisions"}],"predecessor-version":[{"id":109452,"href":"https:\/\/www.cordobatimes.com\/showup\/wp-json\/wp\/v2\/posts\/109447\/revisions\/109452"}],"wp:featuredmedia":[{"embeddable":true,"href":"https:\/\/www.cordobatimes.com\/showup\/wp-json\/wp\/v2\/media\/109450"}],"wp:attachment":[{"href":"https:\/\/www.cordobatimes.com\/showup\/wp-json\/wp\/v2\/media?parent=109447"}],"wp:term":[{"taxonomy":"category","embeddable":true,"href":"https:\/\/www.cordobatimes.com\/showup\/wp-json\/wp\/v2\/categories?post=109447"},{"taxonomy":"post_tag","embeddable":true,"href":"https:\/\/www.cordobatimes.com\/showup\/wp-json\/wp\/v2\/tags?post=109447"}],"curies":[{"name":"wp","href":"https:\/\/api.w.org\/{rel}","templated":true}]}}