{"id":109414,"date":"2026-03-14T08:49:30","date_gmt":"2026-03-14T11:49:30","guid":{"rendered":"https:\/\/www.cordobatimes.com\/showup\/?p=109414"},"modified":"2026-03-14T08:49:30","modified_gmt":"2026-03-14T11:49:30","slug":"marixa-balli-quedo-eliminada-de-masterchef-celebrity-a-un-paso-de-la-final","status":"publish","type":"post","link":"https:\/\/www.cordobatimes.com\/showup\/tv\/2026\/03\/14\/marixa-balli-quedo-eliminada-de-masterchef-celebrity-a-un-paso-de-la-final\/","title":{"rendered":"Marixa Balli qued\u00f3 eliminada de MasterChef Celebrity a un paso de la final"},"content":{"rendered":"<h3 data-start=\"124\" data-end=\"446\"><strong>La participante <span class=\"hover:entity-accent entity-underline inline cursor-pointer align-baseline\"><span class=\"whitespace-normal\">Marixa Balli<\/span><\/span> fue eliminada de <span class=\"hover:entity-accent entity-underline inline cursor-pointer align-baseline\"><span class=\"whitespace-normal\">MasterChef Celebrity Argentina<\/span><\/span> en una de las galas m\u00e1s tensas de la etapa final del reality. La medi\u00e1tica qued\u00f3 fuera de competencia tras no convencer al jurado en el desaf\u00edo decisivo de la noche.<\/strong><\/h3>\n<p data-start=\"448\" data-end=\"746\">Durante la prueba, Balli qued\u00f3 entre los participantes con peor desempe\u00f1o junto a <strong data-start=\"530\" data-end=\"571\"><span class=\"hover:entity-accent entity-underline inline cursor-pointer align-baseline\"><span class=\"whitespace-normal\">Claudio Husa\u00edn<\/span><\/span><\/strong>. Tras evaluar los platos, el jurado anunci\u00f3 que la famosa deb\u00eda abandonar la cocina del programa, quedando muy cerca de la gran final.<\/p>\n<p data-start=\"748\" data-end=\"988\">La eliminaci\u00f3n sorprendi\u00f3 a muchos seguidores del certamen, ya que Balli hab\u00eda logrado buenas devoluciones en varias galas y se hab\u00eda consolidado como una de las competidoras m\u00e1s constantes del ciclo.<\/p>\n<p data-start=\"990\" data-end=\"1095\">Con su salida, el reality entra en la recta final y solo quedan cinco famosos en carrera por el t\u00edtulo:<\/p>\n<ul data-start=\"1096\" data-end=\"1369\">\n<li data-section-id=\"iq0p9x\" data-start=\"1096\" data-end=\"1141\">\n<p data-start=\"1098\" data-end=\"1141\"><strong data-start=\"1098\" data-end=\"1139\"><span class=\"hover:entity-accent entity-underline inline cursor-pointer align-baseline\"><span class=\"whitespace-normal\">Emilia Attias<\/span><\/span><\/strong><\/p>\n<\/li>\n<li data-section-id=\"8mznf9\" data-start=\"1142\" data-end=\"1187\">\n<p data-start=\"1144\" data-end=\"1187\"><strong data-start=\"1144\" data-end=\"1185\"><span class=\"hover:entity-accent entity-underline inline cursor-pointer align-baseline\"><span class=\"whitespace-normal\">Ian Lucas<\/span><\/span><\/strong><\/p>\n<\/li>\n<li data-section-id=\"13bqy0l\" data-start=\"1188\" data-end=\"1233\">\n<p data-start=\"1190\" data-end=\"1233\"><strong data-start=\"1190\" data-end=\"1231\"><span class=\"hover:entity-accent entity-underline inline cursor-pointer align-baseline\"><span class=\"whitespace-normal\">Maxi L\u00f3pez<\/span><\/span><\/strong><\/p>\n<\/li>\n<li data-section-id=\"113nsvp\" data-start=\"1234\" data-end=\"1281\">\n<p data-start=\"1236\" data-end=\"1281\"><strong data-start=\"1236\" data-end=\"1279\"><span class=\"hover:entity-accent entity-underline inline cursor-pointer align-baseline\"><span class=\"whitespace-normal\">Claudio Husa\u00edn<\/span><\/span><\/strong><\/p>\n<\/li>\n<li data-section-id=\"1huyh1k\" data-start=\"1282\" data-end=\"1369\">\n<p data-start=\"1284\" data-end=\"1369\"><strong data-start=\"1284\" data-end=\"1327\"><span class=\"hover:entity-accent entity-underline inline cursor-pointer align-baseline\"><span class=\"whitespace-normal\">Sof\u00eda Gonet<\/span><\/span><\/strong><\/p>\n<\/li>\n<\/ul>\n<p data-start=\"1371\" data-end=\"1619\">El programa, conducido por <strong data-start=\"1398\" data-end=\"1441\"><span class=\"hover:entity-accent entity-underline inline cursor-pointer align-baseline\"><span class=\"whitespace-normal\">Wanda Nara<\/span><\/span><\/strong>, se acerca a su definici\u00f3n y cada gala se vuelve m\u00e1s exigente para los famosos que buscan quedarse con el trofeo del reality culinario.<\/p>\n<div style=\"width: 696px;\" class=\"wp-video\"><video class=\"wp-video-shortcode\" id=\"video-109414-1\" width=\"696\" height=\"392\" preload=\"metadata\" controls=\"controls\"><source type=\"video\/mp4\" src=\"http:\/\/www.cordobatimes.com\/showup\/wp-content\/uploads\/2026\/03\/masterchefargentina-1.mp4?_=1\" \/><a href=\"http:\/\/www.cordobatimes.com\/showup\/wp-content\/uploads\/2026\/03\/masterchefargentina-1.mp4\">http:\/\/www.cordobatimes.com\/showup\/wp-content\/uploads\/2026\/03\/masterchefargentina-1.mp4<\/a><\/video><\/div>\n","protected":false},"excerpt":{"rendered":"<p>La participante Marixa Balli fue eliminada de MasterChef Celebrity Argentina en una de las galas m\u00e1s tensas de la etapa final del reality. La medi\u00e1tica qued\u00f3 fuera de competencia tras no convencer al jurado en el desaf\u00edo decisivo de la noche. Durante la prueba, Balli qued\u00f3 entre los participantes con peor desempe\u00f1o junto a Claudio [&hellip;]<\/p>\n","protected":false},"author":24,"featured_media":109419,"comment_status":"closed","ping_status":"closed","sticky":false,"template":"","format":"standard","meta":{"_seopress_robots_primary_cat":"none","_seopress_titles_title":"","_seopress_titles_desc":"","_seopress_robots_index":"","footnotes":""},"categories":[2],"tags":[41486,40752,42132,40692],"class_list":{"0":"post-109414","1":"post","2":"type-post","3":"status-publish","4":"format-standard","5":"has-post-thumbnail","7":"category-tv","8":"tag-marixa-balli","9":"tag-marixa-balli-masterchef-celebrity","10":"tag-marixa-balli-quedo-eliminada-de-masterchef-celebrity","11":"tag-masterchef-celebrity"},"_links":{"self":[{"href":"https:\/\/www.cordobatimes.com\/showup\/wp-json\/wp\/v2\/posts\/109414","targetHints":{"allow":["GET"]}}],"collection":[{"href":"https:\/\/www.cordobatimes.com\/showup\/wp-json\/wp\/v2\/posts"}],"about":[{"href":"https:\/\/www.cordobatimes.com\/showup\/wp-json\/wp\/v2\/types\/post"}],"author":[{"embeddable":true,"href":"https:\/\/www.cordobatimes.com\/showup\/wp-json\/wp\/v2\/users\/24"}],"replies":[{"embeddable":true,"href":"https:\/\/www.cordobatimes.com\/showup\/wp-json\/wp\/v2\/comments?post=109414"}],"version-history":[{"count":1,"href":"https:\/\/www.cordobatimes.com\/showup\/wp-json\/wp\/v2\/posts\/109414\/revisions"}],"predecessor-version":[{"id":109420,"href":"https:\/\/www.cordobatimes.com\/showup\/wp-json\/wp\/v2\/posts\/109414\/revisions\/109420"}],"wp:featuredmedia":[{"embeddable":true,"href":"https:\/\/www.cordobatimes.com\/showup\/wp-json\/wp\/v2\/media\/109419"}],"wp:attachment":[{"href":"https:\/\/www.cordobatimes.com\/showup\/wp-json\/wp\/v2\/media?parent=109414"}],"wp:term":[{"taxonomy":"category","embeddable":true,"href":"https:\/\/www.cordobatimes.com\/showup\/wp-json\/wp\/v2\/categories?post=109414"},{"taxonomy":"post_tag","embeddable":true,"href":"https:\/\/www.cordobatimes.com\/showup\/wp-json\/wp\/v2\/tags?post=109414"}],"curies":[{"name":"wp","href":"https:\/\/api.w.org\/{rel}","templated":true}]}}