{"id":109408,"date":"2026-03-13T11:34:47","date_gmt":"2026-03-13T14:34:47","guid":{"rendered":"https:\/\/www.cordobatimes.com\/showup\/?p=109408"},"modified":"2026-03-13T11:34:47","modified_gmt":"2026-03-13T14:34:47","slug":"el-regreso-de-malcolm-in-the-middle-ya-tiene-trailer-y-fecha-de-estreno","status":"publish","type":"post","link":"https:\/\/www.cordobatimes.com\/showup\/cine-y-series\/2026\/03\/13\/el-regreso-de-malcolm-in-the-middle-ya-tiene-trailer-y-fecha-de-estreno\/","title":{"rendered":"El regreso de Malcolm In The Middle ya tiene tr\u00e1iler y fecha de estreno"},"content":{"rendered":"<h3 data-start=\"120\" data-end=\"460\"><strong>El regreso de la ic\u00f3nica comedia <span class=\"hover:entity-accent entity-underline inline cursor-pointer align-baseline\"><span class=\"whitespace-normal\">Malcolm in the Middle<\/span><\/span> ya es una realidad. En las \u00faltimas horas se lanz\u00f3 el tr\u00e1iler oficial del revival titulado \u201cMalcolm in the Middle: Life\u2019s Still Unfair\u201d, que traer\u00e1 nuevamente a la pantalla a la ca\u00f3tica familia que marc\u00f3 a toda una generaci\u00f3n.<\/strong><\/h3>\n<p data-start=\"462\" data-end=\"721\">La nueva producci\u00f3n ser\u00e1 una <strong data-start=\"491\" data-end=\"563\">miniserie especial de cuatro episodios de aproximadamente 30 minutos<\/strong>, que se estrenar\u00e1 el <strong data-start=\"585\" data-end=\"608\">10 de abril de 2026<\/strong> en la plataforma Hulu y tambi\u00e9n a trav\u00e9s de Disney+ en algunos mercados.<\/p>\n<p data-start=\"723\" data-end=\"1115\">El revival reunir\u00e1 a gran parte del elenco original, incluido <span class=\"hover:entity-accent entity-underline inline cursor-pointer align-baseline\"><span class=\"whitespace-normal\">Frankie Muniz<\/span><\/span> como Malcolm, <span class=\"hover:entity-accent entity-underline inline cursor-pointer align-baseline\"><span class=\"whitespace-normal\">Bryan Cranston<\/span><\/span> como Hal y <span class=\"hover:entity-accent entity-underline inline cursor-pointer align-baseline\"><span class=\"whitespace-normal\">Jane Kaczmarek<\/span><\/span> como Lois. Tambi\u00e9n regresan los actores que interpretaron a los hermanos de Malcolm, aunque el personaje de Dewey ser\u00e1 interpretado por un nuevo actor.<\/p>\n<p data-start=\"1117\" data-end=\"1556\">La historia se sit\u00faa <strong data-start=\"1138\" data-end=\"1197\">casi dos d\u00e9cadas despu\u00e9s del final de la serie original<\/strong>. Malcolm ahora es adulto, tiene una hija y ha intentado mantener distancia de su familia para llevar una vida m\u00e1s tranquila. Sin embargo, todo cambia cuando sus padres lo obligan a regresar al hogar familiar para celebrar su <strong data-start=\"1423\" data-end=\"1453\">40\u00b0 aniversario de casados<\/strong>, lo que vuelve a desatar el caos caracter\u00edstico de la familia.<\/p>\n<p data-start=\"1558\" data-end=\"1871\">La serie original, creada por <span class=\"hover:entity-accent entity-underline inline cursor-pointer align-baseline\"><span class=\"whitespace-normal\">Linwood Boomer<\/span><\/span>, se emiti\u00f3 entre 2000 y 2006 y se convirti\u00f3 en una de las sitcoms m\u00e1s influyentes de su \u00e9poca gracias a su humor irreverente y a su estilo narrativo, con Malcolm rompiendo constantemente la cuarta pared.<\/p>\n<p data-start=\"1873\" data-end=\"2168\">Con este regreso especial, la producci\u00f3n busca <strong data-start=\"1920\" data-end=\"2023\">revivir la nostalgia de los fans y mostrar c\u00f3mo evolucionaron los personajes con el paso del tiempo<\/strong>, manteniendo el mismo tono ca\u00f3tico y familiar que convirti\u00f3 a la serie en un cl\u00e1sico de la televisi\u00f3n.<\/p>\n<div style=\"width: 640px;\" class=\"wp-video\"><video class=\"wp-video-shortcode\" id=\"video-109408-1\" width=\"640\" height=\"360\" preload=\"metadata\" controls=\"controls\"><source type=\"video\/mp4\" src=\"http:\/\/www.cordobatimes.com\/showup\/wp-content\/uploads\/2026\/03\/ssstwitter.com_1773412243728.mp4?_=1\" \/><a href=\"http:\/\/www.cordobatimes.com\/showup\/wp-content\/uploads\/2026\/03\/ssstwitter.com_1773412243728.mp4\">http:\/\/www.cordobatimes.com\/showup\/wp-content\/uploads\/2026\/03\/ssstwitter.com_1773412243728.mp4<\/a><\/video><\/div>\n","protected":false},"excerpt":{"rendered":"<p>El regreso de la ic\u00f3nica comedia Malcolm in the Middle ya es una realidad. En las \u00faltimas horas se lanz\u00f3 el tr\u00e1iler oficial del revival titulado \u201cMalcolm in the Middle: Life\u2019s Still Unfair\u201d, que traer\u00e1 nuevamente a la pantalla a la ca\u00f3tica familia que marc\u00f3 a toda una generaci\u00f3n. La nueva producci\u00f3n ser\u00e1 una miniserie [&hellip;]<\/p>\n","protected":false},"author":24,"featured_media":109411,"comment_status":"closed","ping_status":"closed","sticky":false,"template":"","format":"standard","meta":{"_seopress_robots_primary_cat":"none","_seopress_titles_title":"","_seopress_titles_desc":"","_seopress_robots_index":"","footnotes":""},"categories":[3],"tags":[621,42131,42130],"class_list":{"0":"post-109408","1":"post","2":"type-post","3":"status-publish","4":"format-standard","5":"has-post-thumbnail","7":"category-cine-y-series","8":"tag-malcolm-in-the-middle","9":"tag-malcolm-in-the-middle-ya-tiene-trailer","10":"tag-malcolm-in-the-middle-ya-tiene-trailer-y-fecha-de-estreno"},"_links":{"self":[{"href":"https:\/\/www.cordobatimes.com\/showup\/wp-json\/wp\/v2\/posts\/109408","targetHints":{"allow":["GET"]}}],"collection":[{"href":"https:\/\/www.cordobatimes.com\/showup\/wp-json\/wp\/v2\/posts"}],"about":[{"href":"https:\/\/www.cordobatimes.com\/showup\/wp-json\/wp\/v2\/types\/post"}],"author":[{"embeddable":true,"href":"https:\/\/www.cordobatimes.com\/showup\/wp-json\/wp\/v2\/users\/24"}],"replies":[{"embeddable":true,"href":"https:\/\/www.cordobatimes.com\/showup\/wp-json\/wp\/v2\/comments?post=109408"}],"version-history":[{"count":1,"href":"https:\/\/www.cordobatimes.com\/showup\/wp-json\/wp\/v2\/posts\/109408\/revisions"}],"predecessor-version":[{"id":109413,"href":"https:\/\/www.cordobatimes.com\/showup\/wp-json\/wp\/v2\/posts\/109408\/revisions\/109413"}],"wp:featuredmedia":[{"embeddable":true,"href":"https:\/\/www.cordobatimes.com\/showup\/wp-json\/wp\/v2\/media\/109411"}],"wp:attachment":[{"href":"https:\/\/www.cordobatimes.com\/showup\/wp-json\/wp\/v2\/media?parent=109408"}],"wp:term":[{"taxonomy":"category","embeddable":true,"href":"https:\/\/www.cordobatimes.com\/showup\/wp-json\/wp\/v2\/categories?post=109408"},{"taxonomy":"post_tag","embeddable":true,"href":"https:\/\/www.cordobatimes.com\/showup\/wp-json\/wp\/v2\/tags?post=109408"}],"curies":[{"name":"wp","href":"https:\/\/api.w.org\/{rel}","templated":true}]}}