{"id":109370,"date":"2026-03-12T11:45:21","date_gmt":"2026-03-12T14:45:21","guid":{"rendered":"https:\/\/www.cordobatimes.com\/showup\/?p=109370"},"modified":"2026-03-12T11:45:21","modified_gmt":"2026-03-12T14:45:21","slug":"lanzaron-un-nuevo-teaser-de-el-diablo-viste-a-la-moda-2","status":"publish","type":"post","link":"https:\/\/www.cordobatimes.com\/showup\/cine-y-series\/2026\/03\/12\/lanzaron-un-nuevo-teaser-de-el-diablo-viste-a-la-moda-2\/","title":{"rendered":"Lanzaron un nuevo teaser de \u201cEl diablo viste a la moda 2\u201d"},"content":{"rendered":"<h3 data-start=\"158\" data-end=\"438\"><strong>La secuela de <span class=\"hover:entity-accent entity-underline inline cursor-pointer align-baseline\"><span class=\"whitespace-normal\">The Devil Wears Prada 2<\/span><\/span> present\u00f3 un nuevo teaser oficial, que vuelve a mostrar el esperado reencuentro entre <span class=\"hover:entity-accent entity-underline inline cursor-pointer align-baseline\"><span class=\"whitespace-normal\">Miranda Priestly<\/span><\/span> y <span class=\"hover:entity-accent entity-underline inline cursor-pointer align-baseline\"><span class=\"whitespace-normal\">Andy Sachs<\/span><\/span> casi dos d\u00e9cadas despu\u00e9s de la pel\u00edcula original.<\/strong><\/h3>\n<p data-start=\"440\" data-end=\"777\">El adelanto confirma el regreso del elenco principal con <strong data-start=\"497\" data-end=\"538\"><span class=\"hover:entity-accent entity-underline inline cursor-pointer align-baseline\"><span class=\"whitespace-normal\">Meryl Streep<\/span><\/span><\/strong>, <strong data-start=\"540\" data-end=\"581\"><span class=\"hover:entity-accent entity-underline inline cursor-pointer align-baseline\"><span class=\"whitespace-normal\">Anne Hathaway<\/span><\/span><\/strong>, <strong data-start=\"583\" data-end=\"624\"><span class=\"hover:entity-accent entity-underline inline cursor-pointer align-baseline\"><span class=\"whitespace-normal\">Emily Blunt<\/span><\/span><\/strong> y <strong data-start=\"627\" data-end=\"668\"><span class=\"hover:entity-accent entity-underline inline cursor-pointer align-baseline\"><span class=\"whitespace-normal\">Stanley Tucci<\/span><\/span><\/strong>, quienes retomar\u00e1n sus ic\u00f3nicos personajes del film estrenado en 2006.<\/p>\n<p data-start=\"779\" data-end=\"954\">En las nuevas im\u00e1genes se puede ver nuevamente el universo de la revista Runway y el choque entre sus protagonistas, que vuelven a cruzarse en el competitivo mundo de la moda.<\/p>\n<p data-start=\"956\" data-end=\"1118\">La historia continuar\u00e1 explorando el poder de Miranda Priestly dentro de la industria mientras enfrenta los cambios que atraviesa el mundo editorial y los medios.<\/p>\n<p data-start=\"1120\" data-end=\"1271\">La pel\u00edcula llegar\u00e1 a los cines el <strong data-start=\"1155\" data-end=\"1176\">1 de mayo de 2026<\/strong>, casi 20 a\u00f1os despu\u00e9s del estreno de la primera entrega.<\/p>\n<div style=\"width: 696px;\" class=\"wp-video\"><video class=\"wp-video-shortcode\" id=\"video-109370-1\" width=\"696\" height=\"696\" preload=\"metadata\" controls=\"controls\"><source type=\"video\/mp4\" src=\"http:\/\/www.cordobatimes.com\/showup\/wp-content\/uploads\/2026\/03\/ssstwitter.com_1773325678626.mp4?_=1\" \/><a href=\"http:\/\/www.cordobatimes.com\/showup\/wp-content\/uploads\/2026\/03\/ssstwitter.com_1773325678626.mp4\">http:\/\/www.cordobatimes.com\/showup\/wp-content\/uploads\/2026\/03\/ssstwitter.com_1773325678626.mp4<\/a><\/video><\/div>\n","protected":false},"excerpt":{"rendered":"<p>La secuela de The Devil Wears Prada 2 present\u00f3 un nuevo teaser oficial, que vuelve a mostrar el esperado reencuentro entre Miranda Priestly y Andy Sachs casi dos d\u00e9cadas despu\u00e9s de la pel\u00edcula original. El adelanto confirma el regreso del elenco principal con Meryl Streep, Anne Hathaway, Emily Blunt y Stanley Tucci, quienes retomar\u00e1n sus [&hellip;]<\/p>\n","protected":false},"author":24,"featured_media":109373,"comment_status":"closed","ping_status":"closed","sticky":false,"template":"","format":"standard","meta":{"_seopress_robots_primary_cat":"none","_seopress_titles_title":"","_seopress_titles_desc":"","_seopress_robots_index":"","footnotes":""},"categories":[3],"tags":[40229,42120,42121],"class_list":{"0":"post-109370","1":"post","2":"type-post","3":"status-publish","4":"format-standard","5":"has-post-thumbnail","7":"category-cine-y-series","8":"tag-el-diablo-viste-a-la-moda-2","9":"tag-nuevo-teaser-de-el-diablo-viste-a-la-moda-2","10":"tag-teaser-de-el-diablo-viste-a-la-moda-2"},"_links":{"self":[{"href":"https:\/\/www.cordobatimes.com\/showup\/wp-json\/wp\/v2\/posts\/109370","targetHints":{"allow":["GET"]}}],"collection":[{"href":"https:\/\/www.cordobatimes.com\/showup\/wp-json\/wp\/v2\/posts"}],"about":[{"href":"https:\/\/www.cordobatimes.com\/showup\/wp-json\/wp\/v2\/types\/post"}],"author":[{"embeddable":true,"href":"https:\/\/www.cordobatimes.com\/showup\/wp-json\/wp\/v2\/users\/24"}],"replies":[{"embeddable":true,"href":"https:\/\/www.cordobatimes.com\/showup\/wp-json\/wp\/v2\/comments?post=109370"}],"version-history":[{"count":1,"href":"https:\/\/www.cordobatimes.com\/showup\/wp-json\/wp\/v2\/posts\/109370\/revisions"}],"predecessor-version":[{"id":109375,"href":"https:\/\/www.cordobatimes.com\/showup\/wp-json\/wp\/v2\/posts\/109370\/revisions\/109375"}],"wp:featuredmedia":[{"embeddable":true,"href":"https:\/\/www.cordobatimes.com\/showup\/wp-json\/wp\/v2\/media\/109373"}],"wp:attachment":[{"href":"https:\/\/www.cordobatimes.com\/showup\/wp-json\/wp\/v2\/media?parent=109370"}],"wp:term":[{"taxonomy":"category","embeddable":true,"href":"https:\/\/www.cordobatimes.com\/showup\/wp-json\/wp\/v2\/categories?post=109370"},{"taxonomy":"post_tag","embeddable":true,"href":"https:\/\/www.cordobatimes.com\/showup\/wp-json\/wp\/v2\/tags?post=109370"}],"curies":[{"name":"wp","href":"https:\/\/api.w.org\/{rel}","templated":true}]}}