{"id":109358,"date":"2026-03-12T10:51:09","date_gmt":"2026-03-12T13:51:09","guid":{"rendered":"https:\/\/www.cordobatimes.com\/showup\/?p=109358"},"modified":"2026-03-12T10:51:09","modified_gmt":"2026-03-12T13:51:09","slug":"gran-hermano-se-viene-un-nuevo-ingreso-a-la-casa-tras-la-expulsion-de-carmina","status":"publish","type":"post","link":"https:\/\/www.cordobatimes.com\/showup\/tv\/2026\/03\/12\/gran-hermano-se-viene-un-nuevo-ingreso-a-la-casa-tras-la-expulsion-de-carmina\/","title":{"rendered":"Gran Hermano: se viene un nuevo ingreso a la casa tras la expulsi\u00f3n de Carmi\u00f1a"},"content":{"rendered":"<h3 data-start=\"82\" data-end=\"371\"><strong>La casa de Gran Hermano: Generaci\u00f3n Dorada volver\u00e1 a cambiar tras la expulsi\u00f3n de Carmi\u00f1a Masi. Durante la \u00faltima gala, Santiago del Moro confirm\u00f3 que la producci\u00f3n prepara un nuevo ingreso para ocupar el lugar que qued\u00f3 vacante en el reality.<\/strong><\/h3>\n<p data-start=\"373\" data-end=\"636\">La participante paraguaya fue expulsada luego de protagonizar una fuerte pol\u00e9mica por <strong data-start=\"459\" data-end=\"524\">comentarios discriminatorios hacia su compa\u00f1era Jenny Mavinga<\/strong>, lo que gener\u00f3 una gran repercusi\u00f3n tanto dentro como fuera del programa.<\/p>\n<p data-start=\"638\" data-end=\"894\">Tras la decisi\u00f3n del \u201cDue\u00f1o de la casa\u201d, la producci\u00f3n del reality decidi\u00f3 <strong data-start=\"713\" data-end=\"746\">incorporar a un nuevo jugador<\/strong>, aunque por el momento no se revel\u00f3 p\u00fablicamente qui\u00e9n ocupar\u00e1 el lugar de Carmi\u00f1a ni cu\u00e1ndo ser\u00e1 el ingreso.<\/p>\n<div style=\"width: 640px;\" class=\"wp-video\"><video class=\"wp-video-shortcode\" id=\"video-109358-1\" width=\"640\" height=\"360\" preload=\"metadata\" controls=\"controls\"><source type=\"video\/mp4\" src=\"http:\/\/www.cordobatimes.com\/showup\/wp-content\/uploads\/2026\/03\/ssstwitter.com_1773322707927.mp4?_=1\" \/><a href=\"http:\/\/www.cordobatimes.com\/showup\/wp-content\/uploads\/2026\/03\/ssstwitter.com_1773322707927.mp4\">http:\/\/www.cordobatimes.com\/showup\/wp-content\/uploads\/2026\/03\/ssstwitter.com_1773322707927.mp4<\/a><\/video><\/div>\n","protected":false},"excerpt":{"rendered":"<p>La casa de Gran Hermano: Generaci\u00f3n Dorada volver\u00e1 a cambiar tras la expulsi\u00f3n de Carmi\u00f1a Masi. Durante la \u00faltima gala, Santiago del Moro confirm\u00f3 que la producci\u00f3n prepara un nuevo ingreso para ocupar el lugar que qued\u00f3 vacante en el reality. La participante paraguaya fue expulsada luego de protagonizar una fuerte pol\u00e9mica por comentarios discriminatorios [&hellip;]<\/p>\n","protected":false},"author":24,"featured_media":109361,"comment_status":"closed","ping_status":"closed","sticky":false,"template":"","format":"standard","meta":{"_seopress_robots_primary_cat":"none","_seopress_titles_title":"","_seopress_titles_desc":"","_seopress_robots_index":"","footnotes":""},"categories":[2],"tags":[42115,41350,42116],"class_list":{"0":"post-109358","1":"post","2":"type-post","3":"status-publish","4":"format-standard","5":"has-post-thumbnail","7":"category-tv","8":"tag-expulsion-de-carmina","9":"tag-gran-hermano-generacion-dorada","10":"tag-gran-hermano-se-viene-un-nuevo-ingreso-a-la-casa"},"_links":{"self":[{"href":"https:\/\/www.cordobatimes.com\/showup\/wp-json\/wp\/v2\/posts\/109358","targetHints":{"allow":["GET"]}}],"collection":[{"href":"https:\/\/www.cordobatimes.com\/showup\/wp-json\/wp\/v2\/posts"}],"about":[{"href":"https:\/\/www.cordobatimes.com\/showup\/wp-json\/wp\/v2\/types\/post"}],"author":[{"embeddable":true,"href":"https:\/\/www.cordobatimes.com\/showup\/wp-json\/wp\/v2\/users\/24"}],"replies":[{"embeddable":true,"href":"https:\/\/www.cordobatimes.com\/showup\/wp-json\/wp\/v2\/comments?post=109358"}],"version-history":[{"count":1,"href":"https:\/\/www.cordobatimes.com\/showup\/wp-json\/wp\/v2\/posts\/109358\/revisions"}],"predecessor-version":[{"id":109363,"href":"https:\/\/www.cordobatimes.com\/showup\/wp-json\/wp\/v2\/posts\/109358\/revisions\/109363"}],"wp:featuredmedia":[{"embeddable":true,"href":"https:\/\/www.cordobatimes.com\/showup\/wp-json\/wp\/v2\/media\/109361"}],"wp:attachment":[{"href":"https:\/\/www.cordobatimes.com\/showup\/wp-json\/wp\/v2\/media?parent=109358"}],"wp:term":[{"taxonomy":"category","embeddable":true,"href":"https:\/\/www.cordobatimes.com\/showup\/wp-json\/wp\/v2\/categories?post=109358"},{"taxonomy":"post_tag","embeddable":true,"href":"https:\/\/www.cordobatimes.com\/showup\/wp-json\/wp\/v2\/tags?post=109358"}],"curies":[{"name":"wp","href":"https:\/\/api.w.org\/{rel}","templated":true}]}}