{"id":109353,"date":"2026-03-12T10:14:52","date_gmt":"2026-03-12T13:14:52","guid":{"rendered":"https:\/\/www.cordobatimes.com\/showup\/?p=109353"},"modified":"2026-03-12T10:14:52","modified_gmt":"2026-03-12T13:14:52","slug":"gran-hermano-siete-participantes-bajaron-de-la-placa-positiva-y-siguen-en-competencia","status":"publish","type":"post","link":"https:\/\/www.cordobatimes.com\/showup\/tv\/2026\/03\/12\/gran-hermano-siete-participantes-bajaron-de-la-placa-positiva-y-siguen-en-competencia\/","title":{"rendered":"Gran Hermano: siete participantes bajaron de la placa positiva y siguen en competencia"},"content":{"rendered":"<h3 data-start=\"239\" data-end=\"543\"><strong>La gala de Gran Hermano: Generaci\u00f3n Dorada tuvo una nueva definici\u00f3n clave en el juego. Durante la emisi\u00f3n conducida por Santiago del Moro se conocieron los nombres de siete participantes que lograron bajar de la placa positiva, gracias al apoyo del p\u00fablico.<\/strong><\/h3>\n<p data-start=\"545\" data-end=\"822\">A diferencia de las eliminaciones tradicionales, en esta instancia el voto fue <strong data-start=\"624\" data-end=\"636\">positivo<\/strong>, por lo que los espectadores deb\u00edan elegir a qui\u00e9n quer\u00edan que continuara en la casa. Los jugadores m\u00e1s votados lograron salir de la placa y aseguraron su permanencia en la competencia.<\/p>\n<p data-start=\"824\" data-end=\"1126\">Uno a uno, el conductor fue revelando los nombres de los salvados frente a todos los participantes en el living. Para evitar que los jugadores puedan especular sobre el nivel de apoyo de cada uno afuera de la casa, los nombres se anunciaron <strong data-start=\"1065\" data-end=\"1087\">en orden aleatorio<\/strong>.<\/p>\n<h3 data-start=\"1128\" data-end=\"1190\"><strong>Los siete participantes que lograron bajar de la placa fueron:<\/strong><\/h3>\n<ul data-start=\"1192\" data-end=\"1320\">\n<li data-section-id=\"1logya9\" data-start=\"1192\" data-end=\"1207\">\n<p data-start=\"1194\" data-end=\"1207\">Lolo Poggio<\/p>\n<\/li>\n<li data-section-id=\"1nhuafs\" data-start=\"1208\" data-end=\"1227\">\n<p data-start=\"1210\" data-end=\"1227\">Juanicar Caruso<\/p>\n<\/li>\n<li data-section-id=\"16iev2p\" data-start=\"1228\" data-end=\"1244\">\n<p data-start=\"1230\" data-end=\"1244\">Yipio Pintos<\/p>\n<\/li>\n<li data-section-id=\"wdzwlm\" data-start=\"1245\" data-end=\"1266\">\n<p data-start=\"1247\" data-end=\"1266\">Pincoya Galvarini<\/p>\n<\/li>\n<li data-section-id=\"mqgbmq\" data-start=\"1267\" data-end=\"1283\">\n<p data-start=\"1269\" data-end=\"1283\">Yanina Zilli<\/p>\n<\/li>\n<li data-section-id=\"w6zu05\" data-start=\"1284\" data-end=\"1300\">\n<p data-start=\"1286\" data-end=\"1300\">Manuel Ibero<\/p>\n<\/li>\n<li data-section-id=\"p1k9x0\" data-start=\"1301\" data-end=\"1320\">\n<p data-start=\"1303\" data-end=\"1320\">Luana Fern\u00e1ndez<\/p>\n<\/li>\n<\/ul>\n<p data-start=\"1322\" data-end=\"1555\">Con estas nuevas salvaciones, el grupo de jugadores fuera de peligro creci\u00f3 dentro de la casa y varios participantes contin\u00faan en riesgo de abandonar el reality en la pr\u00f3xima gala de eliminaci\u00f3n.<\/p>\n<blockquote class=\"twitter-tweet\" data-media-max-width=\"560\">\n<p dir=\"ltr\" lang=\"es\">Solo los participantes m\u00e1s votados contin\u00faan en la casa \ud83d\udc4f\ud83c\udffb<\/p>\n<p>\ud83d\udc41\ufe0f Mir\u00e1 <a href=\"https:\/\/twitter.com\/hashtag\/GranHermano?src=hash&amp;ref_src=twsrc%5Etfw\">#GranHermano<\/a> <a href=\"https:\/\/twitter.com\/hashtag\/Generaci%C3%B3nDorada?src=hash&amp;ref_src=twsrc%5Etfw\">#Generaci\u00f3nDorada<\/a> en <a href=\"https:\/\/t.co\/Ppl6ji2TwC\">https:\/\/t.co\/Ppl6ji2TwC<\/a> con la conducci\u00f3n de <a href=\"https:\/\/twitter.com\/SANTIAGODELMORO?ref_src=twsrc%5Etfw\">@SANTIAGODELMORO<\/a> <a href=\"https:\/\/t.co\/E9JSUUlUOF\">pic.twitter.com\/E9JSUUlUOF<\/a><\/p>\n<p>\u2014 Gran Hermano (@GranHermanoAr) <a href=\"https:\/\/twitter.com\/GranHermanoAr\/status\/2031919914731155863?ref_src=twsrc%5Etfw\">March 12, 2026<\/a><\/p><\/blockquote>\n<p><script async src=\"https:\/\/platform.twitter.com\/widgets.js\" charset=\"utf-8\"><\/script><\/p>\n<blockquote class=\"twitter-tweet\" data-media-max-width=\"560\">\n<p dir=\"ltr\" lang=\"es\">Luana es la \u00faltima participante m\u00e1s votada y baja de la placa \ud83e\udd2f<\/p>\n<p>\ud83d\udc41\ufe0f Mir\u00e1 <a href=\"https:\/\/twitter.com\/hashtag\/GranHermano?src=hash&amp;ref_src=twsrc%5Etfw\">#GranHermano<\/a> <a href=\"https:\/\/twitter.com\/hashtag\/Generaci%C3%B3nDorada?src=hash&amp;ref_src=twsrc%5Etfw\">#Generaci\u00f3nDorada<\/a> en <a href=\"https:\/\/t.co\/Ppl6ji2TwC\">https:\/\/t.co\/Ppl6ji2TwC<\/a> y espi\u00e1 la casa GRATIS las 24 horas por <a href=\"https:\/\/twitter.com\/DGO_Latam?ref_src=twsrc%5Etfw\">@dgo_latam<\/a> y reviv\u00ed los vivos por <a href=\"https:\/\/twitter.com\/PrimeVideoLat?ref_src=twsrc%5Etfw\">@PrimeVideoLat<\/a> \ud83c\udfac <a href=\"https:\/\/t.co\/DywBq0LtP9\">pic.twitter.com\/DywBq0LtP9<\/a><\/p>\n<p>\u2014 Gran Hermano (@GranHermanoAr) <a href=\"https:\/\/twitter.com\/GranHermanoAr\/status\/2031920374049284528?ref_src=twsrc%5Etfw\">March 12, 2026<\/a><\/p><\/blockquote>\n<p><script async src=\"https:\/\/platform.twitter.com\/widgets.js\" charset=\"utf-8\"><\/script><\/p>\n","protected":false},"excerpt":{"rendered":"<p>La gala de Gran Hermano: Generaci\u00f3n Dorada tuvo una nueva definici\u00f3n clave en el juego. Durante la emisi\u00f3n conducida por Santiago del Moro se conocieron los nombres de siete participantes que lograron bajar de la placa positiva, gracias al apoyo del p\u00fablico. A diferencia de las eliminaciones tradicionales, en esta instancia el voto fue positivo, [&hellip;]<\/p>\n","protected":false},"author":24,"featured_media":109356,"comment_status":"closed","ping_status":"closed","sticky":false,"template":"","format":"standard","meta":{"_seopress_robots_primary_cat":"none","_seopress_titles_title":"","_seopress_titles_desc":"","_seopress_robots_index":"","footnotes":""},"categories":[2],"tags":[41350,42114],"class_list":{"0":"post-109353","1":"post","2":"type-post","3":"status-publish","4":"format-standard","5":"has-post-thumbnail","7":"category-tv","8":"tag-gran-hermano-generacion-dorada","9":"tag-gran-hermano-siete-participantes-bajaron-de-la-placa-positiva"},"_links":{"self":[{"href":"https:\/\/www.cordobatimes.com\/showup\/wp-json\/wp\/v2\/posts\/109353","targetHints":{"allow":["GET"]}}],"collection":[{"href":"https:\/\/www.cordobatimes.com\/showup\/wp-json\/wp\/v2\/posts"}],"about":[{"href":"https:\/\/www.cordobatimes.com\/showup\/wp-json\/wp\/v2\/types\/post"}],"author":[{"embeddable":true,"href":"https:\/\/www.cordobatimes.com\/showup\/wp-json\/wp\/v2\/users\/24"}],"replies":[{"embeddable":true,"href":"https:\/\/www.cordobatimes.com\/showup\/wp-json\/wp\/v2\/comments?post=109353"}],"version-history":[{"count":1,"href":"https:\/\/www.cordobatimes.com\/showup\/wp-json\/wp\/v2\/posts\/109353\/revisions"}],"predecessor-version":[{"id":109357,"href":"https:\/\/www.cordobatimes.com\/showup\/wp-json\/wp\/v2\/posts\/109353\/revisions\/109357"}],"wp:featuredmedia":[{"embeddable":true,"href":"https:\/\/www.cordobatimes.com\/showup\/wp-json\/wp\/v2\/media\/109356"}],"wp:attachment":[{"href":"https:\/\/www.cordobatimes.com\/showup\/wp-json\/wp\/v2\/media?parent=109353"}],"wp:term":[{"taxonomy":"category","embeddable":true,"href":"https:\/\/www.cordobatimes.com\/showup\/wp-json\/wp\/v2\/categories?post=109353"},{"taxonomy":"post_tag","embeddable":true,"href":"https:\/\/www.cordobatimes.com\/showup\/wp-json\/wp\/v2\/tags?post=109353"}],"curies":[{"name":"wp","href":"https:\/\/api.w.org\/{rel}","templated":true}]}}