{"id":109343,"date":"2026-03-12T09:10:11","date_gmt":"2026-03-12T12:10:11","guid":{"rendered":"https:\/\/www.cordobatimes.com\/showup\/?p=109343"},"modified":"2026-03-12T09:10:11","modified_gmt":"2026-03-12T12:10:11","slug":"las-10-tendencias-que-dejo-la-paris-fashion-week-y-que-dominaran-la-moda-en-2026","status":"publish","type":"post","link":"https:\/\/www.cordobatimes.com\/showup\/moda-y-estilos\/2026\/03\/12\/las-10-tendencias-que-dejo-la-paris-fashion-week-y-que-dominaran-la-moda-en-2026\/","title":{"rendered":"Las 10 tendencias que dej\u00f3 la Paris Fashion Week y que dominar\u00e1n la moda en 2026"},"content":{"rendered":"<p data-start=\"96\" data-end=\"492\">La <strong data-start=\"99\" data-end=\"140\"><span class=\"hover:entity-accent entity-underline inline cursor-pointer align-baseline\"><span class=\"whitespace-normal\">Paris Fashion Week<\/span><\/span><\/strong> lleg\u00f3 a su fin en <strong data-start=\"159\" data-end=\"200\"><span class=\"hover:entity-accent entity-underline inline cursor-pointer align-baseline\"><span class=\"whitespace-normal\">Par\u00eds<\/span><\/span><\/strong> y dej\u00f3 claro qu\u00e9 estilos marcar\u00e1n la moda en la temporada oto\u00f1o-invierno 2025\/2026. Las principales casas de moda del mundo presentaron colecciones que combinaron minimalismo, sensualidad y siluetas renovadas, anticipando lo que se ver\u00e1 en las calles y alfombras rojas en los pr\u00f3ximos meses.<\/p>\n<p data-start=\"494\" data-end=\"815\">Durante la semana de la moda desfilaron marcas ic\u00f3nicas como <strong data-start=\"555\" data-end=\"596\"><span class=\"hover:entity-accent entity-underline inline cursor-pointer align-baseline\"><span class=\"whitespace-normal\">Chanel<\/span><\/span><\/strong>, <strong data-start=\"598\" data-end=\"639\"><span class=\"hover:entity-accent entity-underline inline cursor-pointer align-baseline\"><span class=\"whitespace-normal\">Dior<\/span><\/span><\/strong>, <strong data-start=\"641\" data-end=\"682\"><span class=\"hover:entity-accent entity-underline inline cursor-pointer align-baseline\"><span class=\"whitespace-normal\">Louis Vuitton<\/span><\/span><\/strong>, <strong data-start=\"684\" data-end=\"725\"><span class=\"hover:entity-accent entity-underline inline cursor-pointer align-baseline\"><span class=\"whitespace-normal\">Saint Laurent<\/span><\/span><\/strong> y <strong data-start=\"728\" data-end=\"769\"><span class=\"hover:entity-accent entity-underline inline cursor-pointer align-baseline\"><span class=\"whitespace-normal\">Miu Miu<\/span><\/span><\/strong>, que coincidieron en varias tendencias clave.<\/p>\n<h3 data-section-id=\"1qrrfda\" data-start=\"817\" data-end=\"849\"><strong>Transparencias y sensualidad<\/strong><\/h3>\n<p data-start=\"850\" data-end=\"1079\">Las telas transl\u00facidas fueron protagonistas en muchos desfiles. Vestidos, blusas y faldas con transparencias aparecieron en distintas versiones, desde estilos delicados hasta propuestas m\u00e1s audaces que dejaron la piel a la vista.<\/p>\n<p data-start=\"850\" data-end=\"1079\"><img alt=\"\" loading=\"lazy\" decoding=\"async\" class=\"alignnone wp-image-109347 size-full\" src=\"http:\/\/www.cordobatimes.com\/showup\/wp-content\/uploads\/2026\/03\/Pantallazo-12-03-2026-08.53.13.jpg\" alt=\"\" width=\"392\" height=\"664\" srcset=\"https:\/\/www.cordobatimes.com\/showup\/wp-content\/uploads\/2026\/03\/Pantallazo-12-03-2026-08.53.13.jpg 392w, https:\/\/www.cordobatimes.com\/showup\/wp-content\/uploads\/2026\/03\/Pantallazo-12-03-2026-08.53.13-248x420.jpg 248w, https:\/\/www.cordobatimes.com\/showup\/wp-content\/uploads\/2026\/03\/Pantallazo-12-03-2026-08.53.13-150x254.jpg 150w, https:\/\/www.cordobatimes.com\/showup\/wp-content\/uploads\/2026\/03\/Pantallazo-12-03-2026-08.53.13-300x508.jpg 300w\" sizes=\"auto, (max-width: 392px) 100vw, 392px\" \/><\/p>\n<h3 data-section-id=\"gsydrl\" data-start=\"1081\" data-end=\"1103\"><strong>Sastrer\u00eda oversize<\/strong><\/h3>\n<p data-start=\"1104\" data-end=\"1297\">Los trajes amplios volvieron a dominar las pasarelas. Blazers largos, hombros marcados y pantalones holgados marcaron una silueta relajada que mezcla elegancia cl\u00e1sica con una est\u00e9tica moderna.<\/p>\n<p data-start=\"1104\" data-end=\"1297\"><img alt=\"\" loading=\"lazy\" decoding=\"async\" class=\"alignnone wp-image-109348 size-full\" src=\"http:\/\/www.cordobatimes.com\/showup\/wp-content\/uploads\/2026\/03\/Pantallazo-12-03-2026-08.55.35.jpg\" alt=\"\" width=\"421\" height=\"634\" srcset=\"https:\/\/www.cordobatimes.com\/showup\/wp-content\/uploads\/2026\/03\/Pantallazo-12-03-2026-08.55.35.jpg 421w, https:\/\/www.cordobatimes.com\/showup\/wp-content\/uploads\/2026\/03\/Pantallazo-12-03-2026-08.55.35-279x420.jpg 279w, https:\/\/www.cordobatimes.com\/showup\/wp-content\/uploads\/2026\/03\/Pantallazo-12-03-2026-08.55.35-150x226.jpg 150w, https:\/\/www.cordobatimes.com\/showup\/wp-content\/uploads\/2026\/03\/Pantallazo-12-03-2026-08.55.35-300x452.jpg 300w\" sizes=\"auto, (max-width: 421px) 100vw, 421px\" \/><\/p>\n<h3 data-start=\"1104\" data-end=\"1297\"><strong>Minimalismo sofisticado<\/strong><\/h3>\n<p data-start=\"1327\" data-end=\"1519\">Varias colecciones apostaron por l\u00edneas limpias y paletas de colores neutros. Negro, beige, gris y blanco fueron tonos dominantes, acompa\u00f1ados por dise\u00f1os simples pero con cortes muy cuidados.<\/p>\n<p data-start=\"1327\" data-end=\"1519\"><img alt=\"\" loading=\"lazy\" decoding=\"async\" class=\"alignnone wp-image-109349 size-full\" src=\"http:\/\/www.cordobatimes.com\/showup\/wp-content\/uploads\/2026\/03\/Pantallazo-12-03-2026-08.58.23.jpg\" alt=\"\" width=\"418\" height=\"626\" srcset=\"https:\/\/www.cordobatimes.com\/showup\/wp-content\/uploads\/2026\/03\/Pantallazo-12-03-2026-08.58.23.jpg 418w, https:\/\/www.cordobatimes.com\/showup\/wp-content\/uploads\/2026\/03\/Pantallazo-12-03-2026-08.58.23-280x420.jpg 280w, https:\/\/www.cordobatimes.com\/showup\/wp-content\/uploads\/2026\/03\/Pantallazo-12-03-2026-08.58.23-150x225.jpg 150w, https:\/\/www.cordobatimes.com\/showup\/wp-content\/uploads\/2026\/03\/Pantallazo-12-03-2026-08.58.23-300x449.jpg 300w\" sizes=\"auto, (max-width: 418px) 100vw, 418px\" \/><\/p>\n<h3 data-section-id=\"6j102f\" data-start=\"1521\" data-end=\"1553\"><strong>Cuero en todas sus versiones<\/strong><\/h3>\n<p data-start=\"1554\" data-end=\"1730\">El cuero volvi\u00f3 con fuerza en abrigos, vestidos, faldas y pantalones. Algunas marcas apostaron por versiones cl\u00e1sicas, mientras que otras experimentaron con colores y texturas.<\/p>\n<h3 data-section-id=\"rmg4wo\" data-start=\"1732\" data-end=\"1748\"><strong>Maxi abrigos<\/strong><\/h3>\n<p data-start=\"1749\" data-end=\"1894\">Los tapados largos fueron una de las piezas m\u00e1s repetidas en las pasarelas. Las siluetas amplias y estructuradas dominaron los looks de invierno.<\/p>\n<p data-start=\"1749\" data-end=\"1894\"><img alt=\"\" loading=\"lazy\" decoding=\"async\" class=\"alignnone wp-image-109350 size-full\" src=\"http:\/\/www.cordobatimes.com\/showup\/wp-content\/uploads\/2026\/03\/Pantallazo-12-03-2026-09.04.27.jpg\" alt=\"\" width=\"421\" height=\"634\" srcset=\"https:\/\/www.cordobatimes.com\/showup\/wp-content\/uploads\/2026\/03\/Pantallazo-12-03-2026-09.04.27.jpg 421w, https:\/\/www.cordobatimes.com\/showup\/wp-content\/uploads\/2026\/03\/Pantallazo-12-03-2026-09.04.27-279x420.jpg 279w, https:\/\/www.cordobatimes.com\/showup\/wp-content\/uploads\/2026\/03\/Pantallazo-12-03-2026-09.04.27-150x226.jpg 150w, https:\/\/www.cordobatimes.com\/showup\/wp-content\/uploads\/2026\/03\/Pantallazo-12-03-2026-09.04.27-300x452.jpg 300w\" sizes=\"auto, (max-width: 421px) 100vw, 421px\" \/><\/p>\n<h3 data-section-id=\"ob7b4w\" data-start=\"1896\" data-end=\"1916\"><strong>Est\u00e9tica lencera<\/strong><\/h3>\n<p data-start=\"1917\" data-end=\"2095\">Los vestidos inspirados en camisones o lencer\u00eda tambi\u00e9n aparecieron con fuerza. Encajes, sat\u00e9n y tirantes finos fueron parte de esta tendencia que mezcla sensualidad y elegancia.<\/p>\n<p data-start=\"1917\" data-end=\"2095\"><img alt=\"\" loading=\"lazy\" decoding=\"async\" class=\"alignnone size-medium wp-image-109346\" src=\"http:\/\/www.cordobatimes.com\/showup\/wp-content\/uploads\/2026\/03\/nsDFucWsAMaxNgUCkAHtYX-747x420.png\" alt=\"\" width=\"747\" height=\"420\" srcset=\"https:\/\/www.cordobatimes.com\/showup\/wp-content\/uploads\/2026\/03\/nsDFucWsAMaxNgUCkAHtYX-747x420.png 747w, https:\/\/www.cordobatimes.com\/showup\/wp-content\/uploads\/2026\/03\/nsDFucWsAMaxNgUCkAHtYX-1024x576.png 1024w, https:\/\/www.cordobatimes.com\/showup\/wp-content\/uploads\/2026\/03\/nsDFucWsAMaxNgUCkAHtYX-768x432.png 768w, https:\/\/www.cordobatimes.com\/showup\/wp-content\/uploads\/2026\/03\/nsDFucWsAMaxNgUCkAHtYX-1536x864.png 1536w, https:\/\/www.cordobatimes.com\/showup\/wp-content\/uploads\/2026\/03\/nsDFucWsAMaxNgUCkAHtYX-2048x1152.png 2048w, https:\/\/www.cordobatimes.com\/showup\/wp-content\/uploads\/2026\/03\/nsDFucWsAMaxNgUCkAHtYX-150x84.png 150w, https:\/\/www.cordobatimes.com\/showup\/wp-content\/uploads\/2026\/03\/nsDFucWsAMaxNgUCkAHtYX-300x169.png 300w, https:\/\/www.cordobatimes.com\/showup\/wp-content\/uploads\/2026\/03\/nsDFucWsAMaxNgUCkAHtYX-696x392.png 696w, https:\/\/www.cordobatimes.com\/showup\/wp-content\/uploads\/2026\/03\/nsDFucWsAMaxNgUCkAHtYX-1068x601.png 1068w, https:\/\/www.cordobatimes.com\/showup\/wp-content\/uploads\/2026\/03\/nsDFucWsAMaxNgUCkAHtYX-1920x1080.png 1920w\" sizes=\"auto, (max-width: 747px) 100vw, 747px\" \/><img alt=\"\" loading=\"lazy\" decoding=\"async\" class=\"alignnone size-medium wp-image-109351\" src=\"http:\/\/www.cordobatimes.com\/showup\/wp-content\/uploads\/2026\/03\/r6cjbDQbS5BwTkWbiLwXUg-747x420.jpg\" alt=\"\" width=\"747\" height=\"420\" srcset=\"https:\/\/www.cordobatimes.com\/showup\/wp-content\/uploads\/2026\/03\/r6cjbDQbS5BwTkWbiLwXUg-747x420.jpg 747w, https:\/\/www.cordobatimes.com\/showup\/wp-content\/uploads\/2026\/03\/r6cjbDQbS5BwTkWbiLwXUg-1024x576.jpg 1024w, https:\/\/www.cordobatimes.com\/showup\/wp-content\/uploads\/2026\/03\/r6cjbDQbS5BwTkWbiLwXUg-768x432.jpg 768w, https:\/\/www.cordobatimes.com\/showup\/wp-content\/uploads\/2026\/03\/r6cjbDQbS5BwTkWbiLwXUg-1536x864.jpg 1536w, https:\/\/www.cordobatimes.com\/showup\/wp-content\/uploads\/2026\/03\/r6cjbDQbS5BwTkWbiLwXUg-2048x1152.jpg 2048w, https:\/\/www.cordobatimes.com\/showup\/wp-content\/uploads\/2026\/03\/r6cjbDQbS5BwTkWbiLwXUg-150x84.jpg 150w, https:\/\/www.cordobatimes.com\/showup\/wp-content\/uploads\/2026\/03\/r6cjbDQbS5BwTkWbiLwXUg-300x169.jpg 300w, https:\/\/www.cordobatimes.com\/showup\/wp-content\/uploads\/2026\/03\/r6cjbDQbS5BwTkWbiLwXUg-696x392.jpg 696w, https:\/\/www.cordobatimes.com\/showup\/wp-content\/uploads\/2026\/03\/r6cjbDQbS5BwTkWbiLwXUg-1068x601.jpg 1068w, https:\/\/www.cordobatimes.com\/showup\/wp-content\/uploads\/2026\/03\/r6cjbDQbS5BwTkWbiLwXUg-1920x1080.jpg 1920w\" sizes=\"auto, (max-width: 747px) 100vw, 747px\" \/><\/p>\n<h3 data-section-id=\"1f3d9xk\" data-start=\"2097\" data-end=\"2116\"><strong>Tonos met\u00e1licos<\/strong><\/h3>\n<p data-start=\"2117\" data-end=\"2233\">El brillo volvi\u00f3 a las pasarelas con prendas en plata, dorado y acabados metalizados que aportan un toque futurista.<\/p>\n<h3 data-section-id=\"1kdvpvl\" data-start=\"2235\" data-end=\"2259\"><strong>Faldas midi y largas<\/strong><\/h3>\n<p data-start=\"2260\" data-end=\"2373\">Las faldas por debajo de la rodilla ganaron protagonismo y se combinaron con botas altas o blazers estructurados.<\/p>\n<h3 data-section-id=\"cfoz8v\" data-start=\"2375\" data-end=\"2398\"><strong>Botas protagonistas<\/strong><\/h3>\n<p data-start=\"2399\" data-end=\"2543\">Las botas altas, especialmente las que llegan hasta la rodilla o m\u00e1s arriba, fueron uno de los accesorios m\u00e1s repetidos en la semana de la moda.<\/p>\n<h3 data-section-id=\"1yloj4z\" data-start=\"2545\" data-end=\"2570\"><strong>Accesorios llamativos<\/strong><\/h3>\n<p data-start=\"2571\" data-end=\"2698\">Carteras grandes, cinturones anchos y gafas de sol de gran tama\u00f1o completaron muchos de los looks que se vieron en la pasarela.<\/p>\n","protected":false},"excerpt":{"rendered":"<p>La Paris Fashion Week lleg\u00f3 a su fin en Par\u00eds y dej\u00f3 claro qu\u00e9 estilos marcar\u00e1n la moda en la temporada oto\u00f1o-invierno 2025\/2026. Las principales casas de moda del mundo presentaron colecciones que combinaron minimalismo, sensualidad y siluetas renovadas, anticipando lo que se ver\u00e1 en las calles y alfombras rojas en los pr\u00f3ximos meses. Durante [&hellip;]<\/p>\n","protected":false},"author":24,"featured_media":109351,"comment_status":"closed","ping_status":"closed","sticky":false,"template":"","format":"standard","meta":{"_seopress_robots_primary_cat":"none","_seopress_titles_title":"","_seopress_titles_desc":"","_seopress_robots_index":"","footnotes":""},"categories":[228],"tags":[9613,40300,42113],"class_list":{"0":"post-109343","1":"post","2":"type-post","3":"status-publish","4":"format-standard","5":"has-post-thumbnail","7":"category-moda-y-estilos","8":"tag-paris-fashion-week","9":"tag-paris-fashion-week-2026","10":"tag-tendencias-que-dejo-la-paris-fashion-week"},"_links":{"self":[{"href":"https:\/\/www.cordobatimes.com\/showup\/wp-json\/wp\/v2\/posts\/109343","targetHints":{"allow":["GET"]}}],"collection":[{"href":"https:\/\/www.cordobatimes.com\/showup\/wp-json\/wp\/v2\/posts"}],"about":[{"href":"https:\/\/www.cordobatimes.com\/showup\/wp-json\/wp\/v2\/types\/post"}],"author":[{"embeddable":true,"href":"https:\/\/www.cordobatimes.com\/showup\/wp-json\/wp\/v2\/users\/24"}],"replies":[{"embeddable":true,"href":"https:\/\/www.cordobatimes.com\/showup\/wp-json\/wp\/v2\/comments?post=109343"}],"version-history":[{"count":1,"href":"https:\/\/www.cordobatimes.com\/showup\/wp-json\/wp\/v2\/posts\/109343\/revisions"}],"predecessor-version":[{"id":109352,"href":"https:\/\/www.cordobatimes.com\/showup\/wp-json\/wp\/v2\/posts\/109343\/revisions\/109352"}],"wp:featuredmedia":[{"embeddable":true,"href":"https:\/\/www.cordobatimes.com\/showup\/wp-json\/wp\/v2\/media\/109351"}],"wp:attachment":[{"href":"https:\/\/www.cordobatimes.com\/showup\/wp-json\/wp\/v2\/media?parent=109343"}],"wp:term":[{"taxonomy":"category","embeddable":true,"href":"https:\/\/www.cordobatimes.com\/showup\/wp-json\/wp\/v2\/categories?post=109343"},{"taxonomy":"post_tag","embeddable":true,"href":"https:\/\/www.cordobatimes.com\/showup\/wp-json\/wp\/v2\/tags?post=109343"}],"curies":[{"name":"wp","href":"https:\/\/api.w.org\/{rel}","templated":true}]}}