{"id":109309,"date":"2026-03-11T11:34:28","date_gmt":"2026-03-11T14:34:28","guid":{"rendered":"https:\/\/www.cordobatimes.com\/showup\/?p=109309"},"modified":"2026-03-11T11:34:28","modified_gmt":"2026-03-11T14:34:28","slug":"luciano-castro-intimo-con-moria-casan-quiero-que-mis-hijos-tengan-un-gran-padre","status":"publish","type":"post","link":"https:\/\/www.cordobatimes.com\/showup\/famosos\/2026\/03\/11\/luciano-castro-intimo-con-moria-casan-quiero-que-mis-hijos-tengan-un-gran-padre\/","title":{"rendered":"Luciano Castro, \u00edntimo con Moria Cas\u00e1n: \u201cQuiero que mis hijos tengan un gran padre\u201d"},"content":{"rendered":"<p data-start=\"89\" data-end=\"374\"><strong>El actor <span class=\"hover:entity-accent entity-underline inline cursor-pointer align-baseline\"><span class=\"whitespace-normal\">Luciano Castro<\/span><\/span> brind\u00f3 una entrevista muy personal en el programa <span class=\"hover:entity-accent entity-underline inline cursor-pointer align-baseline\"><span class=\"whitespace-normal\">La ma\u00f1ana con Moria<\/span><\/span>, conducido por <span class=\"hover:entity-accent entity-underline inline cursor-pointer align-baseline\"><span class=\"whitespace-normal\">Moria Cas\u00e1n<\/span><\/span>, donde habl\u00f3 de su proceso de recuperaci\u00f3n, su separaci\u00f3n y el v\u00ednculo con sus hijos.<\/strong><\/p>\n<p data-start=\"376\" data-end=\"714\">Durante la charla, el actor se mostr\u00f3 muy sincero sobre el momento que atraviesa y reconoci\u00f3 que decidi\u00f3 enfocarse en su bienestar personal para poder recomponer distintos aspectos de su vida. \u201cPrimero es por m\u00ed. Si logro hacer un buen trabajo por m\u00ed, mis hijos van a tener un gran padre\u201d, expres\u00f3.<\/p>\n<p data-start=\"716\" data-end=\"1042\">Castro tambi\u00e9n se refiri\u00f3 al dolor que le gener\u00f3 su reciente separaci\u00f3n de <strong data-start=\"791\" data-end=\"813\">Griselda Siciliani<\/strong>, a quien defini\u00f3 como el amor de su vida. Seg\u00fan cont\u00f3, atraves\u00f3 un per\u00edodo muy dif\u00edcil a nivel emocional, lo que lo llev\u00f3 a pedir ayuda profesional para iniciar un proceso de recuperaci\u00f3n.<\/p>\n<p data-start=\"1044\" data-end=\"1253\">En ese contexto, el actor relat\u00f3 que lleg\u00f3 a atravesar momentos de mucha angustia. \u201cNo pod\u00eda parar de llorar y temblar\u201d, confes\u00f3 al recordar el inicio de su tratamiento.<\/p>\n<p data-start=\"1255\" data-end=\"1443\">A lo largo de la entrevista, Castro remarc\u00f3 que su prioridad actual es trabajar en s\u00ed mismo, aceptar sus errores y reconstruir v\u00ednculos importantes en su vida, especialmente con sus hijos.<\/p>\n<p data-start=\"1445\" data-end=\"1645\">\u201cQuiero darles el padre que se merecen\u201d, se\u00f1al\u00f3, dejando en claro que su objetivo es sanar y empezar una nueva etapa con mayor estabilidad personal y emocional.<\/p>\n<div style=\"width: 640px;\" class=\"wp-video\"><video class=\"wp-video-shortcode\" id=\"video-109309-1\" width=\"640\" height=\"360\" preload=\"metadata\" controls=\"controls\"><source type=\"video\/mp4\" src=\"http:\/\/www.cordobatimes.com\/showup\/wp-content\/uploads\/2026\/03\/ssstwitter.com_1773239241208.mp4?_=1\" \/><a href=\"http:\/\/www.cordobatimes.com\/showup\/wp-content\/uploads\/2026\/03\/ssstwitter.com_1773239241208.mp4\">http:\/\/www.cordobatimes.com\/showup\/wp-content\/uploads\/2026\/03\/ssstwitter.com_1773239241208.mp4<\/a><\/video><\/div>\n","protected":false},"excerpt":{"rendered":"<p>El actor Luciano Castro brind\u00f3 una entrevista muy personal en el programa La ma\u00f1ana con Moria, conducido por Moria Cas\u00e1n, donde habl\u00f3 de su proceso de recuperaci\u00f3n, su separaci\u00f3n y el v\u00ednculo con sus hijos. Durante la charla, el actor se mostr\u00f3 muy sincero sobre el momento que atraviesa y reconoci\u00f3 que decidi\u00f3 enfocarse en [&hellip;]<\/p>\n","protected":false},"author":24,"featured_media":109312,"comment_status":"closed","ping_status":"closed","sticky":false,"template":"","format":"standard","meta":{"_seopress_robots_primary_cat":"none","_seopress_titles_title":"","_seopress_titles_desc":"","_seopress_robots_index":"","footnotes":""},"categories":[4],"tags":[42105,934,42106],"class_list":{"0":"post-109309","1":"post","2":"type-post","3":"status-publish","4":"format-standard","5":"has-post-thumbnail","7":"category-famosos","8":"tag-entrevista-a-luciano-castro","9":"tag-luciano-castro","10":"tag-luciano-castro-en-la-manana-con-moria"},"_links":{"self":[{"href":"https:\/\/www.cordobatimes.com\/showup\/wp-json\/wp\/v2\/posts\/109309","targetHints":{"allow":["GET"]}}],"collection":[{"href":"https:\/\/www.cordobatimes.com\/showup\/wp-json\/wp\/v2\/posts"}],"about":[{"href":"https:\/\/www.cordobatimes.com\/showup\/wp-json\/wp\/v2\/types\/post"}],"author":[{"embeddable":true,"href":"https:\/\/www.cordobatimes.com\/showup\/wp-json\/wp\/v2\/users\/24"}],"replies":[{"embeddable":true,"href":"https:\/\/www.cordobatimes.com\/showup\/wp-json\/wp\/v2\/comments?post=109309"}],"version-history":[{"count":1,"href":"https:\/\/www.cordobatimes.com\/showup\/wp-json\/wp\/v2\/posts\/109309\/revisions"}],"predecessor-version":[{"id":109314,"href":"https:\/\/www.cordobatimes.com\/showup\/wp-json\/wp\/v2\/posts\/109309\/revisions\/109314"}],"wp:featuredmedia":[{"embeddable":true,"href":"https:\/\/www.cordobatimes.com\/showup\/wp-json\/wp\/v2\/media\/109312"}],"wp:attachment":[{"href":"https:\/\/www.cordobatimes.com\/showup\/wp-json\/wp\/v2\/media?parent=109309"}],"wp:term":[{"taxonomy":"category","embeddable":true,"href":"https:\/\/www.cordobatimes.com\/showup\/wp-json\/wp\/v2\/categories?post=109309"},{"taxonomy":"post_tag","embeddable":true,"href":"https:\/\/www.cordobatimes.com\/showup\/wp-json\/wp\/v2\/tags?post=109309"}],"curies":[{"name":"wp","href":"https:\/\/api.w.org\/{rel}","templated":true}]}}